{"id":53630,"date":"2022-12-05T09:09:14","date_gmt":"2022-12-05T15:09:14","guid":{"rendered":"http:\/\/bambapolitica.com.mx\/?p=53630"},"modified":"2022-12-05T09:09:17","modified_gmt":"2022-12-05T15:09:17","slug":"dan-prision-preventiva-a-francisco-n-responsable-de-obra-del-colegio-rebsamen","status":"publish","type":"post","link":"https:\/\/bambapolitica.com.mx\/index.php\/2022\/12\/05\/dan-prision-preventiva-a-francisco-n-responsable-de-obra-del-colegio-rebsamen\/","title":{"rendered":"Dan prisi\u00f3n preventiva a Francisco \u2018N\u2019, responsable de obra del Colegio R\u00e9bsamen"},"content":{"rendered":"\n<p>lunes, 5 de diciembre de 2022<\/p>\n\n\n\n<p>El acusado solicit\u00f3 la ampliaci\u00f3n del plazo para presentar pruebas, por lo cual el juez se\u00f1al\u00f3 como fecha para continuaci\u00f3n de audiencia el martes 6 de diciembre 9:30 horas.<\/p>\n\n\n\n<p><br>Un juez dict\u00f3 prisi\u00f3n preventiva oficiosa contra Francisco \u2018N\u2019, director Responsable de Obra (DRO) del Colegio Enrique R\u00e9bsamen, detenido el 1 de diciembre en el estado de Oaxaca, por su probable participaci\u00f3n en el delito de homicidio, en comisi\u00f3n por omisi\u00f3n, bajo el esquema de dolo eventual, por la muerte de 26 personas tras el colapso del plantel durante el sismo del 19 de septiembre de 2017.<\/p>\n\n\n\n<p>El acusado solicit\u00f3 la ampliaci\u00f3n del plazo para presentar pruebas, por lo cual el juez se\u00f1al\u00f3 como fecha para continuaci\u00f3n de audiencia el martes 6 de diciembre 9:30 horas.<br>El detenido permanecer\u00e1 en el reclusorio Sur donde fue ingresado ayer.<\/p>\n\n\n\n<p>La defensa de siete v\u00edctimas del colapso del Colegio Enrique R\u00e9bsamen, en el que fallecieron 26 personas durante el sismo del 19 de septiembre de 2017, buscar\u00e1 que se dicte una sentencia firme de 208 a\u00f1os de c\u00e1rcel contra el DRO, pero ello ser\u00e1 resuelto en otra audiencia.<\/p>\n\n\n\n<p>No\u00e9 Franco, abogado de Asesor\u00eda Jur\u00eddica Victimal, representante de tres v\u00edctimas fallecidas y cuatro lesionados, previamente adelant\u00f3 a MILENIO que en la audiencia de imputaci\u00f3n, la defensa del detenido pedir\u00eda una pr\u00f3rroga de plazo, en tanto, a Francisco Arturo P\u00e9rez Rodr\u00edguez se le imputa una conducta similar a la de Juan Mario Velarde G\u00e1mez, tambi\u00e9n DRO del colegio, ya que dijo que ambos firmaron las constancias de seguridad estructural que avalaron el funcionamiento del colegio.<\/p>\n\n\n\n<p>\u201cEn teor\u00eda se estar\u00eda solicitando que se les impusiera la misma pena, 208 a\u00f1os de prisi\u00f3n, que es una pena que ya le fue impuesta a Velarde G\u00e1mez, los dos como coautores del delito y entonces ser\u00eda la pena que en su momento se buscar\u00eda. Sin duda, en este momento lo que buscamos es que se le vincule a proceso por esas irregularidades que se cometi\u00f3\u201d, dijo en entrevista.<br>En mayo pasado, Juan Mario Velarde G\u00e1mez logr\u00f3 reducir su pena de c\u00e1rcel, al pasar de 208 a 70 a\u00f1os, tras ser acusado del delito de homicidio por la muerte de 19 ni\u00f1os y 7 adultos.<\/p>\n\n\n\n<p>El fallo fue determinado por la Tercera Sala Penal del Tribunal Superior de Justicia de la Ciudad de M\u00e9xico (TSJ) toda vez que la pena inicial fue dictaminada de manera err\u00f3nea en julio de 2017 por un Tribunal de Enjuiciamiento.<\/p>\n\n\n\n<p>Por el colapso del Colegio Enrique R\u00e9bsamen se han cumplimentado tres \u00f3rdenes de aprehensi\u00f3n: una en contra de M\u00f3nica Garc\u00eda Villegas, due\u00f1a y directora del plantel; Juan Mario Velarde G\u00e1mez, DRO; y Juan Apolinar Torales Iniesta, tambi\u00e9n DRO quien a\u00fan no es sentenciado.<\/p>\n","protected":false},"excerpt":{"rendered":"<p>lunes, 5 de diciembre de 2022 El acusado solicit\u00f3 la ampliaci\u00f3n del plazo para presentar&#8230;<\/p>\n","protected":false},"author":3,"featured_media":53631,"comment_status":"closed","ping_status":"closed","sticky":false,"template":"","format":"standard","meta":{"footnotes":""},"categories":[2],"tags":[],"class_list":["post-53630","post","type-post","status-publish","format-standard","has-post-thumbnail","hentry","category-policiaca"],"_links":{"self":[{"href":"https:\/\/bambapolitica.com.mx\/index.php\/wp-json\/wp\/v2\/posts\/53630","targetHints":{"allow":["GET"]}}],"collection":[{"href":"https:\/\/bambapolitica.com.mx\/index.php\/wp-json\/wp\/v2\/posts"}],"about":[{"href":"https:\/\/bambapolitica.com.mx\/index.php\/wp-json\/wp\/v2\/types\/post"}],"author":[{"embeddable":true,"href":"https:\/\/bambapolitica.com.mx\/index.php\/wp-json\/wp\/v2\/users\/3"}],"replies":[{"embeddable":true,"href":"https:\/\/bambapolitica.com.mx\/index.php\/wp-json\/wp\/v2\/comments?post=53630"}],"version-history":[{"count":1,"href":"https:\/\/bambapolitica.com.mx\/index.php\/wp-json\/wp\/v2\/posts\/53630\/revisions"}],"predecessor-version":[{"id":53632,"href":"https:\/\/bambapolitica.com.mx\/index.php\/wp-json\/wp\/v2\/posts\/53630\/revisions\/53632"}],"wp:featuredmedia":[{"embeddable":true,"href":"https:\/\/bambapolitica.com.mx\/index.php\/wp-json\/wp\/v2\/media\/53631"}],"wp:attachment":[{"href":"https:\/\/bambapolitica.com.mx\/index.php\/wp-json\/wp\/v2\/media?parent=53630"}],"wp:term":[{"taxonomy":"category","embeddable":true,"href":"https:\/\/bambapolitica.com.mx\/index.php\/wp-json\/wp\/v2\/categories?post=53630"},{"taxonomy":"post_tag","embeddable":true,"href":"https:\/\/bambapolitica.com.mx\/index.php\/wp-json\/wp\/v2\/tags?post=53630"}],"curies":[{"name":"wp","href":"https:\/\/api.w.org\/{rel}","templated":true}]}}