{"id":53636,"date":"2022-12-05T09:18:57","date_gmt":"2022-12-05T15:18:57","guid":{"rendered":"http:\/\/bambapolitica.com.mx\/?p=53636"},"modified":"2022-12-05T09:19:00","modified_gmt":"2022-12-05T15:19:00","slug":"detienen-a-presunto-feminicida-en-ecatepec-estuvo-profugo-seis-anos","status":"publish","type":"post","link":"https:\/\/bambapolitica.com.mx\/index.php\/2022\/12\/05\/detienen-a-presunto-feminicida-en-ecatepec-estuvo-profugo-seis-anos\/","title":{"rendered":"Detienen a presunto feminicida en Ecatepec; estuvo pr\u00f3fugo seis a\u00f1os"},"content":{"rendered":"\n<p>lunes, 5 de diciembre de 2022<\/p>\n\n\n\n<p>Contaba con una orden de aprehensi\u00f3n desde 2016 por su presunta participaci\u00f3n en un feminicidio registrado en la Ciudad de M\u00e9xico.<\/p>\n\n\n\n<p><br>Luego de seis a\u00f1os pr\u00f3fugo, Mauricio &#8220;N&#8221;, acusado de feminicidio en la Ciudad de M\u00e9xico, logr\u00f3 ser detenido por polic\u00edas en el municipio de Ecatepec. Desde 2016, el hombre de 33 a\u00f1os contaba con una orden de aprehensi\u00f3n por su presunta participaci\u00f3n en el homicidio de una mujer. Sin embargo, hasta este fin de semana que se logr\u00f3 su captura al interior del centro comercial de Mexipuerto en la colonia Ciudad Azteca, uno de los puntos con mayor flujo de personas en el Valle de M\u00e9xico. De acuerdo con las autoridades, el hombre se encontraba alterando el orden por lo que fue detenido y presentado ante la Oficial\u00eda Calificadora. \u201cPersonal de seguridad de la plaza, solicit\u00f3 la intervenci\u00f3n de los agentes municipales debido a que al interior se encontraba el sospechoso alterando el orden, motivo que constituye un falta administrativa\u201d. Ah\u00ed, los agentes verificaron sus datos en la Plataforma M\u00e9xico y constataron que contaba con una investigaci\u00f3n en su contra por el delito de feminicio por lo que fue asegurado. Tras su detenci\u00f3n las autoridades corroboraron que enfrentaba un procedimiento penal asentado en la carpeta de investigaci\u00f3n CI-FVC\/VC-3\/UI-1C\/D\/01043\/10-2016. La orden fue emitida por el juez de control del Sistema de Procesal Acusatorio de la Ciudad de M\u00e9xico por el delito de feminicidio cometido en la alcald\u00eda Venustiano Carranza. Al final, el sospechoso fue entregado a la Polic\u00eda de Investigaci\u00f3n de la Fiscal\u00eda Capitalina y trasladado al reclusorio preventivo varonil oriente de la Ciudad de M\u00e9xico.<\/p>\n","protected":false},"excerpt":{"rendered":"<p>lunes, 5 de diciembre de 2022 Contaba con una orden de aprehensi\u00f3n desde 2016 por&#8230;<\/p>\n","protected":false},"author":3,"featured_media":53637,"comment_status":"closed","ping_status":"closed","sticky":false,"template":"","format":"standard","meta":{"footnotes":""},"categories":[2],"tags":[],"class_list":["post-53636","post","type-post","status-publish","format-standard","has-post-thumbnail","hentry","category-policiaca"],"_links":{"self":[{"href":"https:\/\/bambapolitica.com.mx\/index.php\/wp-json\/wp\/v2\/posts\/53636","targetHints":{"allow":["GET"]}}],"collection":[{"href":"https:\/\/bambapolitica.com.mx\/index.php\/wp-json\/wp\/v2\/posts"}],"about":[{"href":"https:\/\/bambapolitica.com.mx\/index.php\/wp-json\/wp\/v2\/types\/post"}],"author":[{"embeddable":true,"href":"https:\/\/bambapolitica.com.mx\/index.php\/wp-json\/wp\/v2\/users\/3"}],"replies":[{"embeddable":true,"href":"https:\/\/bambapolitica.com.mx\/index.php\/wp-json\/wp\/v2\/comments?post=53636"}],"version-history":[{"count":1,"href":"https:\/\/bambapolitica.com.mx\/index.php\/wp-json\/wp\/v2\/posts\/53636\/revisions"}],"predecessor-version":[{"id":53638,"href":"https:\/\/bambapolitica.com.mx\/index.php\/wp-json\/wp\/v2\/posts\/53636\/revisions\/53638"}],"wp:featuredmedia":[{"embeddable":true,"href":"https:\/\/bambapolitica.com.mx\/index.php\/wp-json\/wp\/v2\/media\/53637"}],"wp:attachment":[{"href":"https:\/\/bambapolitica.com.mx\/index.php\/wp-json\/wp\/v2\/media?parent=53636"}],"wp:term":[{"taxonomy":"category","embeddable":true,"href":"https:\/\/bambapolitica.com.mx\/index.php\/wp-json\/wp\/v2\/categories?post=53636"},{"taxonomy":"post_tag","embeddable":true,"href":"https:\/\/bambapolitica.com.mx\/index.php\/wp-json\/wp\/v2\/tags?post=53636"}],"curies":[{"name":"wp","href":"https:\/\/api.w.org\/{rel}","templated":true}]}}