{"id":53654,"date":"2022-12-05T10:05:20","date_gmt":"2022-12-05T16:05:20","guid":{"rendered":"http:\/\/bambapolitica.com.mx\/?p=53654"},"modified":"2022-12-05T10:05:22","modified_gmt":"2022-12-05T16:05:22","slug":"zelenski-persona-del-ano-del-financial-times","status":"publish","type":"post","link":"https:\/\/bambapolitica.com.mx\/index.php\/2022\/12\/05\/zelenski-persona-del-ano-del-financial-times\/","title":{"rendered":"Zelenski, persona del a\u00f1o del Financial Times"},"content":{"rendered":"\n<p>lunes, 5 de diciembre de 2022<\/p>\n\n\n\n<p>Financial Times asegura que Zelenski se ha ganado un lugar en la historia por \u201csu extraordinaria demostraci\u00f3n de liderazgo y fortaleza\u201d<\/p>\n\n\n\n<p><br>Nueve meses despu\u00e9s de la invasi\u00f3n de Rusia, el presidente ucraniano, Volodimir Zelenski, sigue liderando la resistencia, pero asegura que se considera una persona \u201cm\u00e1s responsable que valiente\u201d a la que no le gusta \u201cdefraudar a la gente\u201d.<\/p>\n\n\n\n<p>As\u00ed se describe el l\u00edder ucraniano en una entrevista con el diario brit\u00e1nico \u201cFinancial Times\u201d (FT), despu\u00e9s de que este medio lo llevara a su portada tras nombrarlo Personalidad del A\u00f1o.<br>Zelenski tambi\u00e9n confiesa que, en vez de luchar contra las fuerzas del Kremlin, preferir\u00eda estar con su hijo \u201cpescando carpas en el r\u00edo Dnipro\u201d.<\/p>\n\n\n\n<p>La paz puede a\u00fan estar lejos, pero el FT subraya que \u201cese mensaje campechano\u201d es t\u00edpico de un l\u00edder que todav\u00eda se presenta a s\u00ed mismo \u201ccomo una persona normal con gustos humildes\u201d, cualidades que le han valido la \u201cadmiraci\u00f3n de los ucranianos y sus seguidores en el extranjero\u201d.<\/p>\n\n\n\n<p>No siempre fue as\u00ed. Antes del estallido del conflicto el pasado febrero, \u201cmuchos\u201d de sus compatriotas le \u201cconsideraban una broma\u201d, le ve\u00edan como un exactor convertido en pol\u00edtico \u201caficionado\u201d con dificultades para \u201ccumplir con los retos\u201d que le planteaba la presidencia del pa\u00eds, recuerda el rotativo.<\/p>\n\n\n\n<p>Era el \u201chombre de la calle\u201d convertido en presidente, un papel que ya interpret\u00f3 en la serie sat\u00edrica de televisi\u00f3n que le dio gran fama en Ucrania.<\/p>\n\n\n\n<p>\u201cEs tambi\u00e9n la ant\u00edtesis del presidente ruso, Vladimir Putin, escondido en el Kremlin, cuya obsesi\u00f3n por reconstruir un imperio ha costado decenas, quiz\u00e1 cientos, de miles de vidas\u201d, lamenta el FT.<\/p>\n\n\n\n<p>Por contra, Zelenski ha llegado a encarnar \u201cel coraje y la resiliencia\u201d del pueblo ucraniano en \u201csu lucha contra la agresi\u00f3n rusa\u201d, motivos por los que el Financial Times \u201cle ha elegido como Personalidad del A\u00f1o\u201d.<\/p>\n\n\n\n<p>El l\u00edder de Kiev, insiste este medio, se ha ganado un lugar en la historia por \u201csu extraordinaria demostraci\u00f3n de liderazgo y fortaleza\u201d.<\/p>\n","protected":false},"excerpt":{"rendered":"<p>lunes, 5 de diciembre de 2022 Financial Times asegura que Zelenski se ha ganado un&#8230;<\/p>\n","protected":false},"author":3,"featured_media":53655,"comment_status":"closed","ping_status":"closed","sticky":false,"template":"","format":"standard","meta":{"footnotes":""},"categories":[5],"tags":[],"class_list":["post-53654","post","type-post","status-publish","format-standard","has-post-thumbnail","hentry","category-internacional"],"_links":{"self":[{"href":"https:\/\/bambapolitica.com.mx\/index.php\/wp-json\/wp\/v2\/posts\/53654","targetHints":{"allow":["GET"]}}],"collection":[{"href":"https:\/\/bambapolitica.com.mx\/index.php\/wp-json\/wp\/v2\/posts"}],"about":[{"href":"https:\/\/bambapolitica.com.mx\/index.php\/wp-json\/wp\/v2\/types\/post"}],"author":[{"embeddable":true,"href":"https:\/\/bambapolitica.com.mx\/index.php\/wp-json\/wp\/v2\/users\/3"}],"replies":[{"embeddable":true,"href":"https:\/\/bambapolitica.com.mx\/index.php\/wp-json\/wp\/v2\/comments?post=53654"}],"version-history":[{"count":1,"href":"https:\/\/bambapolitica.com.mx\/index.php\/wp-json\/wp\/v2\/posts\/53654\/revisions"}],"predecessor-version":[{"id":53656,"href":"https:\/\/bambapolitica.com.mx\/index.php\/wp-json\/wp\/v2\/posts\/53654\/revisions\/53656"}],"wp:featuredmedia":[{"embeddable":true,"href":"https:\/\/bambapolitica.com.mx\/index.php\/wp-json\/wp\/v2\/media\/53655"}],"wp:attachment":[{"href":"https:\/\/bambapolitica.com.mx\/index.php\/wp-json\/wp\/v2\/media?parent=53654"}],"wp:term":[{"taxonomy":"category","embeddable":true,"href":"https:\/\/bambapolitica.com.mx\/index.php\/wp-json\/wp\/v2\/categories?post=53654"},{"taxonomy":"post_tag","embeddable":true,"href":"https:\/\/bambapolitica.com.mx\/index.php\/wp-json\/wp\/v2\/tags?post=53654"}],"curies":[{"name":"wp","href":"https:\/\/api.w.org\/{rel}","templated":true}]}}