{"id":53666,"date":"2022-12-06T07:51:14","date_gmt":"2022-12-06T13:51:14","guid":{"rendered":"http:\/\/bambapolitica.com.mx\/?p=53666"},"modified":"2022-12-06T07:51:16","modified_gmt":"2022-12-06T13:51:16","slug":"crean-fuerza-especial-de-reaccion-de-la-guardia-nacional","status":"publish","type":"post","link":"https:\/\/bambapolitica.com.mx\/index.php\/2022\/12\/06\/crean-fuerza-especial-de-reaccion-de-la-guardia-nacional\/","title":{"rendered":"Crean Fuerza Especial de Reacci\u00f3n de la Guardia Nacional"},"content":{"rendered":"\n<p>martes, 6 de diciembre de 2022<\/p>\n\n\n\n<p>La Fuerza Especial de Reacci\u00f3n e Intervenci\u00f3n de la Guardia Nacional ser\u00e1 la encargada de operaciones de prevenci\u00f3n y combate de delitos.<\/p>\n\n\n\n<p><br>Oficialmente se cre\u00f3 en M\u00e9xico la Fuerza Especial de Reacci\u00f3n e Intervenci\u00f3n (FERI) de la Guardia Nacional, tras la publicaci\u00f3n de su acuerdo en el Diario Oficial de la Federaci\u00f3n (DOF).<\/p>\n\n\n\n<p>Se trata de un grupo para auxiliar en el ejercicio de las facultades del comandante de la instituci\u00f3n, a trav\u00e9s de la Jefatura General de Coordinaci\u00f3n Policial.<\/p>\n\n\n\n<p>La FERI ser\u00e1 la encargada de operaciones de prevenci\u00f3n y combate de delitos, as\u00ed como de garantizar, mantener y restablecer el orden y la paz social en el territorio nacional.<\/p>\n\n\n\n<p>Tambi\u00e9n ser\u00e1 capaz de ejecutar operaciones de alto impacto, tales como el rescate de rehenes y personas en situaci\u00f3n de riesgo o privadas de la libertad; resolver situaciones de alto riesgo; traslado de reos de alta peligrosidad.<\/p>\n\n\n\n<p>B\u00fasqueda, localizaci\u00f3n, desactivaci\u00f3n y\/o neutralizaci\u00f3n de artefactos explosivos y amenazas materiales qu\u00edmico, biol\u00f3gico o radiol\u00f3gico.<\/p>\n\n\n\n<p>Proporcionar seguridad a altos funcionarios en eventos especiales; apoyar a autoridades ministeriales en la cumplimentaci\u00f3n de \u00f3rdenes de detenci\u00f3n y cateos; participar en operaciones de alto impacto contra la delincuencia organizada.<\/p>\n\n\n\n<p>Y llevar a cabo operaciones sorpresivas y de corta duraci\u00f3n en zonas urbanas de alta incidencia delictiva.<\/p>\n\n\n\n<p>Las Unidades de la Guardia Nacional apoyar\u00e1n para el ejercicio de sus facultades a la Fuerza Especial de Reacci\u00f3n e Intervenci\u00f3n.<\/p>\n","protected":false},"excerpt":{"rendered":"<p>martes, 6 de diciembre de 2022 La Fuerza Especial de Reacci\u00f3n e Intervenci\u00f3n de la&#8230;<\/p>\n","protected":false},"author":3,"featured_media":53667,"comment_status":"closed","ping_status":"closed","sticky":false,"template":"","format":"standard","meta":{"footnotes":""},"categories":[4],"tags":[],"class_list":["post-53666","post","type-post","status-publish","format-standard","has-post-thumbnail","hentry","category-noticias-del-dia"],"_links":{"self":[{"href":"https:\/\/bambapolitica.com.mx\/index.php\/wp-json\/wp\/v2\/posts\/53666","targetHints":{"allow":["GET"]}}],"collection":[{"href":"https:\/\/bambapolitica.com.mx\/index.php\/wp-json\/wp\/v2\/posts"}],"about":[{"href":"https:\/\/bambapolitica.com.mx\/index.php\/wp-json\/wp\/v2\/types\/post"}],"author":[{"embeddable":true,"href":"https:\/\/bambapolitica.com.mx\/index.php\/wp-json\/wp\/v2\/users\/3"}],"replies":[{"embeddable":true,"href":"https:\/\/bambapolitica.com.mx\/index.php\/wp-json\/wp\/v2\/comments?post=53666"}],"version-history":[{"count":1,"href":"https:\/\/bambapolitica.com.mx\/index.php\/wp-json\/wp\/v2\/posts\/53666\/revisions"}],"predecessor-version":[{"id":53668,"href":"https:\/\/bambapolitica.com.mx\/index.php\/wp-json\/wp\/v2\/posts\/53666\/revisions\/53668"}],"wp:featuredmedia":[{"embeddable":true,"href":"https:\/\/bambapolitica.com.mx\/index.php\/wp-json\/wp\/v2\/media\/53667"}],"wp:attachment":[{"href":"https:\/\/bambapolitica.com.mx\/index.php\/wp-json\/wp\/v2\/media?parent=53666"}],"wp:term":[{"taxonomy":"category","embeddable":true,"href":"https:\/\/bambapolitica.com.mx\/index.php\/wp-json\/wp\/v2\/categories?post=53666"},{"taxonomy":"post_tag","embeddable":true,"href":"https:\/\/bambapolitica.com.mx\/index.php\/wp-json\/wp\/v2\/tags?post=53666"}],"curies":[{"name":"wp","href":"https:\/\/api.w.org\/{rel}","templated":true}]}}