{"id":53669,"date":"2022-12-06T07:54:57","date_gmt":"2022-12-06T13:54:57","guid":{"rendered":"http:\/\/bambapolitica.com.mx\/?p=53669"},"modified":"2022-12-06T07:54:59","modified_gmt":"2022-12-06T13:54:59","slug":"refineria-dos-bocas-producira-a-toda-su-capacidad-a-mediados-de-2023-amlo","status":"publish","type":"post","link":"https:\/\/bambapolitica.com.mx\/index.php\/2022\/12\/06\/refineria-dos-bocas-producira-a-toda-su-capacidad-a-mediados-de-2023-amlo\/","title":{"rendered":"Refiner\u00eda Dos Bocas producir\u00e1 \u201ca toda su capacidad\u201d a mediados de 2023: AMLO"},"content":{"rendered":"\n<p>martes, 6 de diciembre de 2022<\/p>\n\n\n\n<p>El presidente L\u00f3pez Obrador calific\u00f3 a la refiner\u00eda de Dos Bocas, en Tabasco, como una \u201cobra magna\u201d, \u00fanica en el mundo.<\/p>\n\n\n\n<p><br>El presidente Andr\u00e9s Manuel L\u00f3pez Obrador espera que la refiner\u00eda de Dos Bocas, ubicada en el estado de Tabasco y que fue inaugurada apenas en julio pasado, produzca \u201ca toda su capacidad\u201d a mediados de 2o23.<br>En la conferencia matutina de Palacio Nacional, L\u00f3pez Obrador calific\u00f3 a dicha refiner\u00eda como una \u201cobra magna\u201c, \u00fanica en el mundo,<\/p>\n\n\n\n<p>\u201cEs una obra magna, no hay en el mundo una obra as\u00ed, una refiner\u00eda as\u00ed. La m\u00e1s grande se construy\u00f3 hace como seis a\u00f1os, se termin\u00f3 en la India, pero de las \u00faltimas esta es la m\u00e1s importante del mundo, para procesar 340 mil barriles, y se esta haciendo en un tiempo r\u00e9cord, porque cuando se licit\u00f3 la obra las grandes empresas constructoras de refiner\u00edas quer\u00edan que se aceptara su terminaci\u00f3n hasta el 2025, y dijimos no, la tenemos que terminar a m\u00e1s tardar en el 2023 y es lo que est\u00e1 sucediendo\u201d, asever\u00f3.<\/p>\n\n\n\n<p>\u201cYa est\u00e1 terminada una fase de integraci\u00f3n, lleva tiempo el periodo de prueba, pero yo espero que el a\u00f1o pr\u00f3ximo ya est\u00e9 produciendo a toda su capacidad, que podamos tenerla a m\u00e1s tardar a medidos del a\u00f1o pr\u00f3ximo\u201c, dijo<\/p>\n\n\n\n<p>\u201cTenemos tiempo para que antes de terminar, vamos a tener como un a\u00f1o para estarla operando, y ya es una obra que no se hubiese hecho sin la decisi\u00f3n que se tom\u00f3 en su momento (d construir dicha refiner\u00eda)\u201d, agreg\u00f3.<\/p>\n\n\n\n<p>El pasado 1 de julio, el presidente L\u00f3pez Obrador cort\u00f3 el list\u00f3n inaugural de la nueva Refiner\u00eda Dos Bocas \u201cOlmeca\u201d, obra que calific\u00f3 como un \u201cun sue\u00f1o convertido en realidad\u201d.<\/p>\n\n\n\n<p>La refiner\u00eda de Dos Bocas es una de las apuestas de L\u00f3pez Obrador para \u201crescatar\u201d a Petr\u00f3leos Mexicanos (Pemex), la empresa del Estado.<\/p>\n\n\n\n<p>El mandatario federal anunci\u00f3 en diciembre pasado que Pemex dejar\u00eda de exportar petr\u00f3leo en 2023 para procesar 2 millones de barriles diarios para consumo interno con la construcci\u00f3n de Dos Bocas, la modernizaci\u00f3n de las 6 refiner\u00edas existentes y la reci\u00e9n adquirida Deer Park en Houston, Texas.<\/p>\n","protected":false},"excerpt":{"rendered":"<p>martes, 6 de diciembre de 2022 El presidente L\u00f3pez Obrador calific\u00f3 a la refiner\u00eda de&#8230;<\/p>\n","protected":false},"author":3,"featured_media":53670,"comment_status":"closed","ping_status":"closed","sticky":false,"template":"","format":"standard","meta":{"footnotes":""},"categories":[4],"tags":[],"class_list":["post-53669","post","type-post","status-publish","format-standard","has-post-thumbnail","hentry","category-noticias-del-dia"],"_links":{"self":[{"href":"https:\/\/bambapolitica.com.mx\/index.php\/wp-json\/wp\/v2\/posts\/53669","targetHints":{"allow":["GET"]}}],"collection":[{"href":"https:\/\/bambapolitica.com.mx\/index.php\/wp-json\/wp\/v2\/posts"}],"about":[{"href":"https:\/\/bambapolitica.com.mx\/index.php\/wp-json\/wp\/v2\/types\/post"}],"author":[{"embeddable":true,"href":"https:\/\/bambapolitica.com.mx\/index.php\/wp-json\/wp\/v2\/users\/3"}],"replies":[{"embeddable":true,"href":"https:\/\/bambapolitica.com.mx\/index.php\/wp-json\/wp\/v2\/comments?post=53669"}],"version-history":[{"count":1,"href":"https:\/\/bambapolitica.com.mx\/index.php\/wp-json\/wp\/v2\/posts\/53669\/revisions"}],"predecessor-version":[{"id":53671,"href":"https:\/\/bambapolitica.com.mx\/index.php\/wp-json\/wp\/v2\/posts\/53669\/revisions\/53671"}],"wp:featuredmedia":[{"embeddable":true,"href":"https:\/\/bambapolitica.com.mx\/index.php\/wp-json\/wp\/v2\/media\/53670"}],"wp:attachment":[{"href":"https:\/\/bambapolitica.com.mx\/index.php\/wp-json\/wp\/v2\/media?parent=53669"}],"wp:term":[{"taxonomy":"category","embeddable":true,"href":"https:\/\/bambapolitica.com.mx\/index.php\/wp-json\/wp\/v2\/categories?post=53669"},{"taxonomy":"post_tag","embeddable":true,"href":"https:\/\/bambapolitica.com.mx\/index.php\/wp-json\/wp\/v2\/tags?post=53669"}],"curies":[{"name":"wp","href":"https:\/\/api.w.org\/{rel}","templated":true}]}}