{"id":53672,"date":"2022-12-06T07:58:14","date_gmt":"2022-12-06T13:58:14","guid":{"rendered":"http:\/\/bambapolitica.com.mx\/?p=53672"},"modified":"2022-12-06T07:58:15","modified_gmt":"2022-12-06T13:58:15","slug":"reforma-electoral-de-lopez-obrador-pone-en-jaque-las-elecciones-libres-advierte-hrw","status":"publish","type":"post","link":"https:\/\/bambapolitica.com.mx\/index.php\/2022\/12\/06\/reforma-electoral-de-lopez-obrador-pone-en-jaque-las-elecciones-libres-advierte-hrw\/","title":{"rendered":"Reforma electoral de L\u00f3pez Obrador pone en jaque las elecciones libres, advierte HRW"},"content":{"rendered":"\n<p>martes, 6 de diciembre de 2022<\/p>\n\n\n\n<p>HRW indic\u00f3 que los cambios constitucionales propuestos por el presidente L\u00f3pez Obrador podr\u00edan modificar el sistema electoral del pa\u00eds.<\/p>\n\n\n\n<p><br>La reforma electoral que impulsa el presidente Andr\u00e9s Manuel L\u00f3pez Obrador, y que este martes se debatir\u00e1 en el Congreso mexicano, \u201cpone en jaque las elecciones libres e imparciales\u201d, se\u00f1al\u00f3 la organizaci\u00f3n Human Rights Watch (HRW).<\/p>\n\n\n\n<p><br>Por ello, dijo la organizaci\u00f3n, el Congreso \u201cdebe rechazar modificaciones al sistema electoral\u201d.<\/p>\n\n\n\n<p>En un comunicado, HRW indic\u00f3 que los cambios constitucionales propuestos por el presidente L\u00f3pez Obrador para modificar el sistema electoral del pa\u00eds \u201cpodr\u00edan socavar gravemente la independencia de las autoridades electorales, lo cual pone en riesgo la celebraci\u00f3n de elecciones libres e imparciales\u201d.<\/p>\n\n\n\n<p>\u201cLos legisladores deber\u00edan rechazar los cambios constitucionales propuestos, los cuales contravienen los est\u00e1ndares internacionales de derechos humanos\u201d, agreg\u00f3.<\/p>\n\n\n\n<p>La reforma, que L\u00f3pez Obrador present\u00f3 en abril pasado y que se discutir\u00e1 en el Congreso, causa pol\u00e9mica porque crear\u00eda el Instituto Nacional de Elecciones y Consultas (INEC) para sustituir al actual Instituto Nacional Electoral (INE), \u00f3rgano aut\u00f3nomo que surgi\u00f3 para quitar el control de las elecciones al Gobierno.<\/p>\n\n\n\n<p>Adem\u00e1s, someter\u00eda a voto popular a los consejeros del INE y a los magistrados del Tribunal Electoral del Poder Judicial de la Federaci\u00f3n (TEPJF).<\/p>\n\n\n\n<p>Tambi\u00e9n eliminar\u00eda 200 diputados y 32 senadores, reducir\u00eda el financiamiento de los partidos pol\u00edticos y redefinir\u00eda el concepto de \u201cpropaganda\u201d para que el Gobierno se pronuncie durante las elecciones, disposiciones criticadas porque pueden favorecer al actual partido en el poder.<\/p>\n\n\n\n<p>\u201cLos cambios constitucionales propuestos por el presidente L\u00f3pez Obrador facilitar\u00edan que cualquier partido que est\u00e9 en el poder coopte las instituciones electorales del pa\u00eds para mantenerse en el poder\u201d, manifest\u00f3 Tyler Mattiace, investigador para M\u00e9xico de Human Rights Watch.<\/p>\n\n\n\n<p>Adem\u00e1s, dijo que \u201cconsiderando la larga historia de elecciones ama\u00f1adas en M\u00e9xico durante los m\u00e1s de 70 a\u00f1os de Gobierno unipartidista, resulta sumamente alarmante que los legisladores consideren una propuesta tan regresiva que debilitar\u00eda la independencia de las autoridades electorales\u201d.<\/p>\n\n\n\n<p>La organizaci\u00f3n explic\u00f3 en la nota que \u201cal reducir la cantidad de autoridades responsables de administrar las elecciones y posibilitar el nombramiento de todos los funcionarios electorales al mismo tiempo, ser\u00eda mucho m\u00e1s f\u00e1cil que el Gobierno influya en el proceso de selecci\u00f3n, y ello debilitar\u00eda la independencia de las autoridades electorales\u201d.<\/p>\n\n\n\n<p>El pasado 13 de noviembre, miles de personas, en su mayor\u00eda opositores, marcharon por las calles de Ciudad de M\u00e9xico y otras ciudades del pa\u00eds en defensa del Instituto Nacional Electoral (INE) y contra la pol\u00e9mica reforma electoral que impulsa el presidente Andr\u00e9s Manuel L\u00f3pez Obrador.<\/p>\n\n\n\n<p>La \u201cMarcha por la Democracia\u201d convoc\u00f3 a unas 100 mil personas, en su mayor\u00eda vestidas de color rosa que se movilizaron en la capital mexicana desde el \u00c1ngel de la Independencia al Monumento a la Revoluci\u00f3n, por la c\u00e9ntrica avenida Reforma para mostrar su rechazo a la propuesta.<\/p>\n","protected":false},"excerpt":{"rendered":"<p>martes, 6 de diciembre de 2022 HRW indic\u00f3 que los cambios constitucionales propuestos por el&#8230;<\/p>\n","protected":false},"author":3,"featured_media":53673,"comment_status":"closed","ping_status":"closed","sticky":false,"template":"","format":"standard","meta":{"footnotes":""},"categories":[4],"tags":[],"class_list":["post-53672","post","type-post","status-publish","format-standard","has-post-thumbnail","hentry","category-noticias-del-dia"],"_links":{"self":[{"href":"https:\/\/bambapolitica.com.mx\/index.php\/wp-json\/wp\/v2\/posts\/53672","targetHints":{"allow":["GET"]}}],"collection":[{"href":"https:\/\/bambapolitica.com.mx\/index.php\/wp-json\/wp\/v2\/posts"}],"about":[{"href":"https:\/\/bambapolitica.com.mx\/index.php\/wp-json\/wp\/v2\/types\/post"}],"author":[{"embeddable":true,"href":"https:\/\/bambapolitica.com.mx\/index.php\/wp-json\/wp\/v2\/users\/3"}],"replies":[{"embeddable":true,"href":"https:\/\/bambapolitica.com.mx\/index.php\/wp-json\/wp\/v2\/comments?post=53672"}],"version-history":[{"count":1,"href":"https:\/\/bambapolitica.com.mx\/index.php\/wp-json\/wp\/v2\/posts\/53672\/revisions"}],"predecessor-version":[{"id":53674,"href":"https:\/\/bambapolitica.com.mx\/index.php\/wp-json\/wp\/v2\/posts\/53672\/revisions\/53674"}],"wp:featuredmedia":[{"embeddable":true,"href":"https:\/\/bambapolitica.com.mx\/index.php\/wp-json\/wp\/v2\/media\/53673"}],"wp:attachment":[{"href":"https:\/\/bambapolitica.com.mx\/index.php\/wp-json\/wp\/v2\/media?parent=53672"}],"wp:term":[{"taxonomy":"category","embeddable":true,"href":"https:\/\/bambapolitica.com.mx\/index.php\/wp-json\/wp\/v2\/categories?post=53672"},{"taxonomy":"post_tag","embeddable":true,"href":"https:\/\/bambapolitica.com.mx\/index.php\/wp-json\/wp\/v2\/tags?post=53672"}],"curies":[{"name":"wp","href":"https:\/\/api.w.org\/{rel}","templated":true}]}}