{"id":53681,"date":"2022-12-06T08:32:58","date_gmt":"2022-12-06T14:32:58","guid":{"rendered":"http:\/\/bambapolitica.com.mx\/?p=53681"},"modified":"2022-12-06T08:33:00","modified_gmt":"2022-12-06T14:33:00","slug":"se-apuntan-5-ministros-para-relevar-a-arturo-zaldivar-como-presidente-de-la-corte","status":"publish","type":"post","link":"https:\/\/bambapolitica.com.mx\/index.php\/2022\/12\/06\/se-apuntan-5-ministros-para-relevar-a-arturo-zaldivar-como-presidente-de-la-corte\/","title":{"rendered":"Se apuntan 5 ministros para relevar a Arturo Zald\u00edvar como presidente de la Corte"},"content":{"rendered":"\n<p>martes, 6 de diciembre de 2022<\/p>\n\n\n\n<p>Se trata de los ministros Alfredo Guti\u00e9rrez Ortiz Mena, Javier Laynez Potisek y Alberto P\u00e9rez Day\u00e1n, as\u00ed como de las ministras Yasm\u00edn Esquivel Mossa y Norma Luc\u00eda Pi\u00f1a Hern\u00e1ndez.<br>A unas horas del cierre del registro, cinco de los siete ministros de la Suprema Corte de Justicia de la Naci\u00f3n (SCJN) que aspiran a suceder al ministro Arturo Zald\u00edvar se hab\u00edan registrado para convertirse en el nuevo titular del Poder Judicial de la Federaci\u00f3n.<\/p>\n\n\n\n<p>Se trata de los ministros Alfredo Guti\u00e9rrez Ortiz Mena, Javier Laynez Potisek y Alberto P\u00e9rez Day\u00e1n, as\u00ed como de las ministras Yasm\u00edn Esquivel Mossa y Norma Luc\u00eda Pi\u00f1a Hern\u00e1ndez.<br>Hasta el cierre de esta edici\u00f3n, Margarita R\u00edos Farjat y Juan Luis Gonz\u00e1lez Alc\u00e1ntara Carranc\u00e1 no se hab\u00edan inscrito para este proceso que comenz\u00f3 el pasado jueves con la entrega de los planes de trabajo de los candidatos para el periodo 2023\u20132027.<\/p>\n\n\n\n<p>Por la ma\u00f1ana de hoy se conocer\u00e1 de manera oficial a los aspirantes a suceder a Zald\u00edvar en las presidencias de la SCJN y del Consejo de la Judicatura Federal, pues se abrir\u00e1 un micrositio en el sitio web del m\u00e1ximo tribunal del pa\u00eds para conocer las propuestas de los candidatos.<\/p>\n\n\n\n<p>Autoridades de la Corte que conocen los planes de trabajo de los ministros destacan temas en materia de transparencia y austeridad, principalmente; en contraste, no hacen referencia directa a la continuidad del proyecto del actual presidente.<\/p>\n\n\n\n<p>MILENIO obtuvo el proyecto del ministro Guti\u00e9rrez Ortiz Mena, denominado \u201cL\u00edneas generales para el fortalecimiento del Poder Judicial de la Federaci\u00f3n 2023-2026\u201d, que consta de 41 p\u00e1ginas e incluye su plan de trabajo.<\/p>\n\n\n\n<p><br>\u201cMi intenci\u00f3n es aprovechar al m\u00e1ximo los logros de las administraciones anteriores y ajustar lo necesario en lo administrativo y jurisdiccional. Nada hay nuevo bajo el sol, pero mi prop\u00f3sito es conseguir que el Poder Judicial funcione con precisi\u00f3n cronom\u00e9trica y refleje, con procesos eficientes, monitoreados y evaluados, su labor trascendente, as\u00ed como su disciplina moral, su m\u00edstica y su compromiso incondicional con el pa\u00eds\u201d, expuso.<\/p>\n\n\n\n<p>La elecci\u00f3n del pr\u00f3ximo titular de la SCJN ser\u00e1 el pr\u00f3ximo 2 de enero en la primera sesi\u00f3n p\u00fablica del pleno del a\u00f1o, que presidir\u00e1 el decano Luis Mar\u00eda Aguilar Morales; para que un ministro sea electo presidente debe obtener al menos seis votos.<\/p>\n\n\n\n<p>Discuten liberaci\u00f3n<\/p>\n\n\n\n<p>La SCJN perfila ordenar la inmediata liberaci\u00f3n de H\u00e9ctor Mu\u00f1oz, Juan Luis L\u00f3pez y Gonzalo Garc\u00eda, protagonistas de la serie Duda razonable, quienes fueron detenidos en 2015 en Macuspana, Tabasco, tras ser acusados del delito de secuestro.<\/p>\n\n\n\n<p>El pleno de la Corte inici\u00f3 este lunes la discusi\u00f3n sobre el proyecto de sentencia del ministro Guti\u00e9rrez Ortiz Mena que propone otorgar un amparo liso y llano a los tres hombres, sentenciados a 50 a\u00f1os de c\u00e1rcel, para que obtengan su libertad de inmediato.<\/p>\n\n\n\n<p>En la sesi\u00f3n de ayer, los cinco ministros que expusieron su postura se manifestaron a favor de otorgar el amparo directo a los sentenciados, aunque algunos manifestaron algunas diferencias con el proyecto.<\/p>\n\n\n\n<p>Loretta Ortiz expuso su postura a favor del proyecto, mientras que Gonz\u00e1lez Alc\u00e1ntara Carranc\u00e1 tambi\u00e9n se pronunci\u00f3 por otorgar el amparo directo a los tres involucrados, aunque manifest\u00f3 algunos desacuerdos, al igual que P\u00e9rez Day\u00e1n, Pi\u00f1a Hern\u00e1ndez y Jorge Pardo Rebolledo.<\/p>\n\n\n\n<p>La discusi\u00f3n del proyecto continuar\u00e1 hoy; para que sea aprobado se requiere la mayor\u00eda de votos, es decir, a seis ministros.<\/p>\n","protected":false},"excerpt":{"rendered":"<p>martes, 6 de diciembre de 2022 Se trata de los ministros Alfredo Guti\u00e9rrez Ortiz Mena,&#8230;<\/p>\n","protected":false},"author":3,"featured_media":53682,"comment_status":"closed","ping_status":"closed","sticky":false,"template":"","format":"standard","meta":{"footnotes":""},"categories":[4],"tags":[],"class_list":["post-53681","post","type-post","status-publish","format-standard","has-post-thumbnail","hentry","category-noticias-del-dia"],"_links":{"self":[{"href":"https:\/\/bambapolitica.com.mx\/index.php\/wp-json\/wp\/v2\/posts\/53681","targetHints":{"allow":["GET"]}}],"collection":[{"href":"https:\/\/bambapolitica.com.mx\/index.php\/wp-json\/wp\/v2\/posts"}],"about":[{"href":"https:\/\/bambapolitica.com.mx\/index.php\/wp-json\/wp\/v2\/types\/post"}],"author":[{"embeddable":true,"href":"https:\/\/bambapolitica.com.mx\/index.php\/wp-json\/wp\/v2\/users\/3"}],"replies":[{"embeddable":true,"href":"https:\/\/bambapolitica.com.mx\/index.php\/wp-json\/wp\/v2\/comments?post=53681"}],"version-history":[{"count":1,"href":"https:\/\/bambapolitica.com.mx\/index.php\/wp-json\/wp\/v2\/posts\/53681\/revisions"}],"predecessor-version":[{"id":53683,"href":"https:\/\/bambapolitica.com.mx\/index.php\/wp-json\/wp\/v2\/posts\/53681\/revisions\/53683"}],"wp:featuredmedia":[{"embeddable":true,"href":"https:\/\/bambapolitica.com.mx\/index.php\/wp-json\/wp\/v2\/media\/53682"}],"wp:attachment":[{"href":"https:\/\/bambapolitica.com.mx\/index.php\/wp-json\/wp\/v2\/media?parent=53681"}],"wp:term":[{"taxonomy":"category","embeddable":true,"href":"https:\/\/bambapolitica.com.mx\/index.php\/wp-json\/wp\/v2\/categories?post=53681"},{"taxonomy":"post_tag","embeddable":true,"href":"https:\/\/bambapolitica.com.mx\/index.php\/wp-json\/wp\/v2\/tags?post=53681"}],"curies":[{"name":"wp","href":"https:\/\/api.w.org\/{rel}","templated":true}]}}