{"id":53687,"date":"2022-12-06T08:57:13","date_gmt":"2022-12-06T14:57:13","guid":{"rendered":"http:\/\/bambapolitica.com.mx\/?p=53687"},"modified":"2022-12-06T08:57:15","modified_gmt":"2022-12-06T14:57:15","slug":"casos-covid-en-edomex-aumentan-347-por-ciento-en-una-semana","status":"publish","type":"post","link":"https:\/\/bambapolitica.com.mx\/index.php\/2022\/12\/06\/casos-covid-en-edomex-aumentan-347-por-ciento-en-una-semana\/","title":{"rendered":"Casos covid en Edomex aumentan 347 por ciento en una semana"},"content":{"rendered":"\n<p>martes, 6 de diciembre de 2022<\/p>\n\n\n\n<p>Sin embargo, los casos siguen siendo bajos, en comparaci\u00f3n con el n\u00famero de poblaci\u00f3n total de la entidad.<\/p>\n\n\n\n<p><br>En la \u00faltima semana el Estado de M\u00e9xico mostr\u00f3 una tendencia de crecimiento en el n\u00famero de contagios de covid-19 al reportar 264 nuevos casos, de acuerdo con datos de la Secretar\u00eda de Salud de la entidad. En su m\u00e1s reciente informe la dependencia estatal detall\u00f3 que suman 196 mil 688 los casos confirmados acumulados, reiterando la importancia de que la poblaci\u00f3n contin\u00fae con el uso de cubrebocas en lugares cerrados y con poca ventilaci\u00f3n. En contraste del 22 al 28 de noviembre el sector salud report\u00f3 59 casos confirmados en esa semana, es decir, si se comparan las cifras actuales con las presentadas en ese periodo hubo un incremento de 347 por ciento, aunque los casos siguen siendo bajos, en comparaci\u00f3n con el n\u00famero de poblaci\u00f3n total de la entidad y los picos m\u00e1s altos de la pandemia de covid-19 En su informe de este lunes el sector salud mexiquense destac\u00f3 que desde el inicio de la emergencia sanitaria ya suman 118 mil 551 pacientes que cuentan con su alta sanitaria, 268 mil 258 han dado negativo al contagio del virus SARS-CoV-2 y 42 mil 693 est\u00e1n reportados como sospechosos, en espera del resultado de la prueba que les ha sido tomada.<\/p>\n\n\n\n<p><br>Detall\u00f3 que 45 mil 007 se encuentran en resguardo domiciliario y bajo vigilancia epidemiol\u00f3gica, 103 son atendidos en hospitales de las diversas instituciones de salud de la entidad, 322 en otros estados del pa\u00eds y, lamentablemente, 32 mil 705 han fallecido a consecuencia de este padecimiento. Recomendaciones anticovid Ante un posible repunte durante la \u00faltima semana de diciembre de 2022 y la primera quincena de enero de 2023, la Secretar\u00eda de Salud de la entidad pidi\u00f3 a la poblaci\u00f3n no bajar la guardia y continuar con la aplicaci\u00f3n de medidas sanitarias, a fin de disminuir el riesgo de contagio, entre las que destaca el uso de cubrebocas cuando se est\u00e1 en lugares cerrados, con poca ventilaci\u00f3n o donde el espacio entre personas es menor a metro y medio. A\u00f1adi\u00f3 que tambi\u00e9n es importante contar con un kit de seguridad que contenga un cubrebocas adicional, para sustituir al que se porta por si se humedece o ensucia, adem\u00e1s de botellas peque\u00f1as con gel antibacterial y jab\u00f3n para manos. La Secretar\u00eda de Salud mexiquense record\u00f3 que contin\u00faa en operaci\u00f3n la l\u00ednea de atenci\u00f3n 800 900 3200, a trav\u00e9s de la cual, personal capacitado en el tema de covid-19, brinda orientaci\u00f3n a quienes presenten s\u00edntomas de enfermedades respiratorias o requieran de apoyo psicol\u00f3gico. Finalmente la dependencia sugiri\u00f3 que tambi\u00e9n siga la protecci\u00f3n a la poblaci\u00f3n m\u00e1s vulnerable ante el coronavirus como son los adultos mayores, mujeres embarazadas y personas con enfermedades cr\u00f3nicas.<\/p>\n","protected":false},"excerpt":{"rendered":"<p>martes, 6 de diciembre de 2022 Sin embargo, los casos siguen siendo bajos, en comparaci\u00f3n&#8230;<\/p>\n","protected":false},"author":3,"featured_media":53688,"comment_status":"closed","ping_status":"closed","sticky":false,"template":"","format":"standard","meta":{"footnotes":""},"categories":[4],"tags":[],"class_list":["post-53687","post","type-post","status-publish","format-standard","has-post-thumbnail","hentry","category-noticias-del-dia"],"_links":{"self":[{"href":"https:\/\/bambapolitica.com.mx\/index.php\/wp-json\/wp\/v2\/posts\/53687","targetHints":{"allow":["GET"]}}],"collection":[{"href":"https:\/\/bambapolitica.com.mx\/index.php\/wp-json\/wp\/v2\/posts"}],"about":[{"href":"https:\/\/bambapolitica.com.mx\/index.php\/wp-json\/wp\/v2\/types\/post"}],"author":[{"embeddable":true,"href":"https:\/\/bambapolitica.com.mx\/index.php\/wp-json\/wp\/v2\/users\/3"}],"replies":[{"embeddable":true,"href":"https:\/\/bambapolitica.com.mx\/index.php\/wp-json\/wp\/v2\/comments?post=53687"}],"version-history":[{"count":1,"href":"https:\/\/bambapolitica.com.mx\/index.php\/wp-json\/wp\/v2\/posts\/53687\/revisions"}],"predecessor-version":[{"id":53689,"href":"https:\/\/bambapolitica.com.mx\/index.php\/wp-json\/wp\/v2\/posts\/53687\/revisions\/53689"}],"wp:featuredmedia":[{"embeddable":true,"href":"https:\/\/bambapolitica.com.mx\/index.php\/wp-json\/wp\/v2\/media\/53688"}],"wp:attachment":[{"href":"https:\/\/bambapolitica.com.mx\/index.php\/wp-json\/wp\/v2\/media?parent=53687"}],"wp:term":[{"taxonomy":"category","embeddable":true,"href":"https:\/\/bambapolitica.com.mx\/index.php\/wp-json\/wp\/v2\/categories?post=53687"},{"taxonomy":"post_tag","embeddable":true,"href":"https:\/\/bambapolitica.com.mx\/index.php\/wp-json\/wp\/v2\/tags?post=53687"}],"curies":[{"name":"wp","href":"https:\/\/api.w.org\/{rel}","templated":true}]}}