{"id":53693,"date":"2022-12-06T09:11:54","date_gmt":"2022-12-06T15:11:54","guid":{"rendered":"http:\/\/bambapolitica.com.mx\/?p=53693"},"modified":"2022-12-06T09:11:57","modified_gmt":"2022-12-06T15:11:57","slug":"secuestran-a-familia-del-edil-de-san-martin-peras-oaxaca","status":"publish","type":"post","link":"https:\/\/bambapolitica.com.mx\/index.php\/2022\/12\/06\/secuestran-a-familia-del-edil-de-san-martin-peras-oaxaca\/","title":{"rendered":"Secuestran a familia del edil de San Mart\u00edn Peras, Oaxaca"},"content":{"rendered":"\n<p>martes, 6 de diciembre de 2022<\/p>\n\n\n\n<p>Un grupo armado secuestr\u00f3 a la esposa, suegra y dos hijos del edil Rom\u00e1n Ju\u00e1rez Cruz.<br>Secuestraron a la familia de Rom\u00e1n Ju\u00e1rez Cruz, edil de San Mart\u00edn Peras, Oaxaca, inform\u00f3 Braulio Gonz\u00e1lez, regidor de Educaci\u00f3n.<\/p>\n\n\n\n<p>El funcionario municipal se\u00f1al\u00f3 que desde el pasado 3 de diciembre, un grupo de al menos 15 hombres armados, que portaban vestimenta tipo militar, secuestr\u00f3 a la esposa, suegra y dos de los hijos del edil Rom\u00e1n Ju\u00e1rez.<\/p>\n\n\n\n<p>El regidor de Educaci\u00f3n, Braulio Gonz\u00e1lez, acus\u00f3 que este caso es efecto de un conflicto pol\u00edtico que surgi\u00f3 en 2021 con Elpidio Morales, quien desde hace tiempo ha destacado sus intenciones de ser candidato a la presidencia municipal de San Mart\u00edn Peras, por lo que lo responsabiliz\u00f3 de esta situaci\u00f3n.<br>\u00bfQui\u00e9nes son las personas desaparecidas en Oaxaca?<\/p>\n\n\n\n<p>El personal de la Unidad de B\u00fasqueda y Personas Desaparecidas y No Localizadas inform\u00f3 que la familia del edil desapareci\u00f3 el 3 de diciembre a las 19:30 horas en San Mart\u00edn Peras.<\/p>\n\n\n\n<p>Guadalupe Ortiz Salvador de 78 a\u00f1os de edad (suegra)<br>Marcelina Vega Ortiz de 50 a\u00f1os de edad (esposa)<\/p>\n\n\n\n<p>Diego Ju\u00e1rez Eulogio de 11 a\u00f1os de edad (hija)<\/p>\n\n\n\n<p>Yenifer Ju\u00e1rez Eulogio de 5 a\u00f1os de edad (hija)<\/p>\n\n\n\n<p>Por su parte, Elpidio Ram\u00edrez Morales, se deslind\u00f3 de las acusaciones y pidi\u00f3 al gobernador Salom\u00f3n Jara Cruz, a no dejarse enga\u00f1ar y que se convoque a la mayor brevedad a elecciones.<\/p>\n\n\n\n<p>Dijo que la comunidad vive un estado de ingobernabilidad y desde el 14 de noviembre no hay autoridades, por lo que pidi\u00f3 a la Fiscal\u00eda de Oaxaca que se investiguen los hechos y ubiquen a los responsables.<\/p>\n\n\n\n<p>\u00bfCu\u00e1l es la situaci\u00f3n en San Mart\u00edn Peras?<br>Desde hace m\u00e1s de un a\u00f1o, el municipio de San Mart\u00edn Peras vive en un conflicto administrativo interno, tras el asesinato de Juan Daniel Mendoza, tesorero y Bernardino D\u00edaz Morales, s\u00edndico municipal, el cual ocurri\u00f3 en 2021.<\/p>\n\n\n\n<p>Desde ese momento, existe un enfrentamiento entre pobladores, unos que apoyan al edil Rom\u00e1n Ju\u00e1rez Cruz y otros al ciudadano Elpidio Morales, quien ha exigido la destituci\u00f3n del alcalde y pide que se realicen nuevas elecciones.<\/p>\n","protected":false},"excerpt":{"rendered":"<p>martes, 6 de diciembre de 2022 Un grupo armado secuestr\u00f3 a la esposa, suegra y&#8230;<\/p>\n","protected":false},"author":3,"featured_media":53694,"comment_status":"closed","ping_status":"closed","sticky":false,"template":"","format":"standard","meta":{"footnotes":""},"categories":[2],"tags":[],"class_list":["post-53693","post","type-post","status-publish","format-standard","has-post-thumbnail","hentry","category-policiaca"],"_links":{"self":[{"href":"https:\/\/bambapolitica.com.mx\/index.php\/wp-json\/wp\/v2\/posts\/53693","targetHints":{"allow":["GET"]}}],"collection":[{"href":"https:\/\/bambapolitica.com.mx\/index.php\/wp-json\/wp\/v2\/posts"}],"about":[{"href":"https:\/\/bambapolitica.com.mx\/index.php\/wp-json\/wp\/v2\/types\/post"}],"author":[{"embeddable":true,"href":"https:\/\/bambapolitica.com.mx\/index.php\/wp-json\/wp\/v2\/users\/3"}],"replies":[{"embeddable":true,"href":"https:\/\/bambapolitica.com.mx\/index.php\/wp-json\/wp\/v2\/comments?post=53693"}],"version-history":[{"count":1,"href":"https:\/\/bambapolitica.com.mx\/index.php\/wp-json\/wp\/v2\/posts\/53693\/revisions"}],"predecessor-version":[{"id":53695,"href":"https:\/\/bambapolitica.com.mx\/index.php\/wp-json\/wp\/v2\/posts\/53693\/revisions\/53695"}],"wp:featuredmedia":[{"embeddable":true,"href":"https:\/\/bambapolitica.com.mx\/index.php\/wp-json\/wp\/v2\/media\/53694"}],"wp:attachment":[{"href":"https:\/\/bambapolitica.com.mx\/index.php\/wp-json\/wp\/v2\/media?parent=53693"}],"wp:term":[{"taxonomy":"category","embeddable":true,"href":"https:\/\/bambapolitica.com.mx\/index.php\/wp-json\/wp\/v2\/categories?post=53693"},{"taxonomy":"post_tag","embeddable":true,"href":"https:\/\/bambapolitica.com.mx\/index.php\/wp-json\/wp\/v2\/tags?post=53693"}],"curies":[{"name":"wp","href":"https:\/\/api.w.org\/{rel}","templated":true}]}}