{"id":53699,"date":"2022-12-06T09:43:46","date_gmt":"2022-12-06T15:43:46","guid":{"rendered":"http:\/\/bambapolitica.com.mx\/?p=53699"},"modified":"2022-12-06T09:43:51","modified_gmt":"2022-12-06T15:43:51","slug":"imputan-a-pareja-detenida-por-asesinato-de-rosa-isela-en-veracruz","status":"publish","type":"post","link":"https:\/\/bambapolitica.com.mx\/index.php\/2022\/12\/06\/imputan-a-pareja-detenida-por-asesinato-de-rosa-isela-en-veracruz\/","title":{"rendered":"Imputan a pareja detenida por asesinato de Rosa Isela en Veracruz"},"content":{"rendered":"\n<p>martes, 6 de diciembre de 2022<\/p>\n\n\n\n<p>La pareja detenida por el caso del homicidio de la joven embazarada Rosa Isela fueron se\u00f1alados como responsables del delito de desaparici\u00f3n.<\/p>\n\n\n\n<p><br>Ver\u00f3nica \u201cN\u201d y Gonzalo \u201cN\u201d fueron imputados por el caso de Rosa Isela \u201cC\u201d en Veracruz, mujer embarazada a quien privaron de la libertad y asesinaron para robarle a su beb\u00e9.<br>La Fiscal\u00eda de Veracruz, a trav\u00e9s de la Fiscal\u00eda Especializada para la Atenci\u00f3n de Denuncias por Personas Desaparecidas ,realiz\u00f3 imputaci\u00f3n en contra de la pareja como presuntos responsables del delito de desaparici\u00f3n cometida por particulares agravado por su condici\u00f3n de embarazo, en agravio de la v\u00edctima Rosa Isela.<\/p>\n\n\n\n<p>Tambi\u00e9n por el delito cometido en agravio de la reci\u00e9n nacida por la omisi\u00f3n de entregar al nacido de una v\u00edctima del delito de desaparici\u00f3n a la autoridad o a sus familiares, hechos suscitados el pasado 30 de noviembre del presente a\u00f1o, en el municipio de Veracruz.<\/p>\n\n\n\n<p>\u201cEl juez dict\u00f3 como medida cautelar prisi\u00f3n preventiva oficiosa por el tiempo que dure el proceso penal 1271\/2022\u201d, explic\u00f3 en un comunicado la autoridad del estado de Veracruz<\/p>\n\n\n\n<p>De igual manera la Fiscal\u00eda Especializada en Investigaci\u00f3n de Delitos de Violencia Contra la Familia, Mujeres, Ni\u00f1as y Ni\u00f1os y Trata de Personas contin\u00faa con la investigaci\u00f3n por la probable comisi\u00f3n del delito de feminicidio.<\/p>\n\n\n\n<p>Rosa Isela, joven mujer con nueve meses de embarazo, fue raptada bajo enga\u00f1os, posteriormente asesinada y su beb\u00e9 extra\u00edda de su vientre, lo que caus\u00f3 indignaci\u00f3n entre la sociedad de Veracruz, donde ocurrieron los hechos.<\/p>\n\n\n\n<p>Autoridades ministeriales reportaron que lograron la detenci\u00f3n de dos presuntos responsables del delito de feminicidio, un hombre y una mujer, y la recuperaci\u00f3n sana y salva de la reci\u00e9n nacida que hab\u00eda sido robada.<\/p>\n\n\n\n<p>Los hechos ocurrieron en el puerto de Veracruz, Golfo de M\u00e9xico, donde el pasado 30 de noviembre Rosa Isela \u201cC\u201d, una joven de 20 a\u00f1os, fue reportada como desaparecida.<\/p>\n\n\n\n<p>Sus familiares relataron que la v\u00edctima, con nueve meses de gestaci\u00f3n, desapareci\u00f3 luego de que una mujer la contactase por redes sociales y le ofreciese ropa regalada; fue vista por \u00faltima vez en la zona conocida como Las Bajadas, donde qued\u00f3 en verse con la supuesta altruista.<\/p>\n\n\n\n<p>La Fiscal\u00eda General del Estado inform\u00f3 el s\u00e1bado pasado de que el cuerpo sin vida de Rosa Isela fue localizado en el rancho Los Arrieros del municipio de Medell\u00edn de Bravo, una zona conurbada al puerto de carga y tur\u00edstico de Veracruz.<\/p>\n\n\n\n<p>Como parte de las investigaciones, la Fiscal\u00eda Especializada en Investigaci\u00f3n de Delitos de Violencia Contra la Familia, Mujeres, Ni\u00f1as y Ni\u00f1os, y Trata de Personas lograron ubicar a dos personas, identificadas como Gonzalo \u201cN\u201d y Ver\u00f3nica \u201cN\u201d, que ten\u00edan consigo a una menor reci\u00e9n nacida, quien presuntamente es la hija de la v\u00edctima.<\/p>\n","protected":false},"excerpt":{"rendered":"<p>martes, 6 de diciembre de 2022 La pareja detenida por el caso del homicidio de&#8230;<\/p>\n","protected":false},"author":3,"featured_media":53700,"comment_status":"closed","ping_status":"closed","sticky":false,"template":"","format":"standard","meta":{"footnotes":""},"categories":[2],"tags":[],"class_list":["post-53699","post","type-post","status-publish","format-standard","has-post-thumbnail","hentry","category-policiaca"],"_links":{"self":[{"href":"https:\/\/bambapolitica.com.mx\/index.php\/wp-json\/wp\/v2\/posts\/53699","targetHints":{"allow":["GET"]}}],"collection":[{"href":"https:\/\/bambapolitica.com.mx\/index.php\/wp-json\/wp\/v2\/posts"}],"about":[{"href":"https:\/\/bambapolitica.com.mx\/index.php\/wp-json\/wp\/v2\/types\/post"}],"author":[{"embeddable":true,"href":"https:\/\/bambapolitica.com.mx\/index.php\/wp-json\/wp\/v2\/users\/3"}],"replies":[{"embeddable":true,"href":"https:\/\/bambapolitica.com.mx\/index.php\/wp-json\/wp\/v2\/comments?post=53699"}],"version-history":[{"count":1,"href":"https:\/\/bambapolitica.com.mx\/index.php\/wp-json\/wp\/v2\/posts\/53699\/revisions"}],"predecessor-version":[{"id":53701,"href":"https:\/\/bambapolitica.com.mx\/index.php\/wp-json\/wp\/v2\/posts\/53699\/revisions\/53701"}],"wp:featuredmedia":[{"embeddable":true,"href":"https:\/\/bambapolitica.com.mx\/index.php\/wp-json\/wp\/v2\/media\/53700"}],"wp:attachment":[{"href":"https:\/\/bambapolitica.com.mx\/index.php\/wp-json\/wp\/v2\/media?parent=53699"}],"wp:term":[{"taxonomy":"category","embeddable":true,"href":"https:\/\/bambapolitica.com.mx\/index.php\/wp-json\/wp\/v2\/categories?post=53699"},{"taxonomy":"post_tag","embeddable":true,"href":"https:\/\/bambapolitica.com.mx\/index.php\/wp-json\/wp\/v2\/tags?post=53699"}],"curies":[{"name":"wp","href":"https:\/\/api.w.org\/{rel}","templated":true}]}}