{"id":53702,"date":"2022-12-06T09:47:51","date_gmt":"2022-12-06T15:47:51","guid":{"rendered":"http:\/\/bambapolitica.com.mx\/?p=53702"},"modified":"2022-12-06T09:47:53","modified_gmt":"2022-12-06T15:47:53","slug":"procesan-a-taxista-de-valle-de-bravo-por-presunto-abuso-sexual-contra-un-menor","status":"publish","type":"post","link":"https:\/\/bambapolitica.com.mx\/index.php\/2022\/12\/06\/procesan-a-taxista-de-valle-de-bravo-por-presunto-abuso-sexual-contra-un-menor\/","title":{"rendered":"Procesan a taxista de Valle de Bravo por presunto abuso sexual contra un menor"},"content":{"rendered":"\n<p>martes, 6 de diciembre de 2022<\/p>\n\n\n\n<p>El 30 de julio un adolescente viajaba como pasajero en un taxi conducido por Fernando &#8220;N&#8221;.<br>Fernando &#8220;N&#8221;, de 50 a\u00f1os, quien se desempe\u00f1aba como taxista, fue vinculado a proceso al ser acusado de abusar sexualmente de un pasajero menor de edad en el municipio de Valle de Bravo. De acuerdo con la Fiscal\u00eda General de Justicia del Estado de M\u00e9xico (FGJEM), el 30 de julio un adolescente viajaba como pasajero en un taxi conducido por Fernando &#8220;N&#8221;, quien durante el trayecto habr\u00eda realizado tocamientos al menor. Metros adelante, debido a un accidente el taxista detuvo la marcha, momento en que el menor aprovech\u00f3 para bajar de la unidad y escapar para ponerse a salvo. El menor cont\u00f3 los hechos a sus familiares, por lo que acudieron a denunciar ante el Ministerio P\u00fablico. Meses despu\u00e9s de los hechos, agentes de investigaci\u00f3n detuvieron al presunto responsable, el cual fue ingresado a un penal de la regi\u00f3n, donde qued\u00f3 a disposici\u00f3n de la autoridad judicial. Luego de analizar las pruebas, el hombre fue vinculado a proceso y permanecer\u00e1 en prisi\u00f3n hasta que se resuelva su situaci\u00f3n legal.<\/p>\n","protected":false},"excerpt":{"rendered":"<p>martes, 6 de diciembre de 2022 El 30 de julio un adolescente viajaba como pasajero&#8230;<\/p>\n","protected":false},"author":3,"featured_media":53703,"comment_status":"closed","ping_status":"closed","sticky":false,"template":"","format":"standard","meta":{"footnotes":""},"categories":[2],"tags":[],"class_list":["post-53702","post","type-post","status-publish","format-standard","has-post-thumbnail","hentry","category-policiaca"],"_links":{"self":[{"href":"https:\/\/bambapolitica.com.mx\/index.php\/wp-json\/wp\/v2\/posts\/53702","targetHints":{"allow":["GET"]}}],"collection":[{"href":"https:\/\/bambapolitica.com.mx\/index.php\/wp-json\/wp\/v2\/posts"}],"about":[{"href":"https:\/\/bambapolitica.com.mx\/index.php\/wp-json\/wp\/v2\/types\/post"}],"author":[{"embeddable":true,"href":"https:\/\/bambapolitica.com.mx\/index.php\/wp-json\/wp\/v2\/users\/3"}],"replies":[{"embeddable":true,"href":"https:\/\/bambapolitica.com.mx\/index.php\/wp-json\/wp\/v2\/comments?post=53702"}],"version-history":[{"count":1,"href":"https:\/\/bambapolitica.com.mx\/index.php\/wp-json\/wp\/v2\/posts\/53702\/revisions"}],"predecessor-version":[{"id":53704,"href":"https:\/\/bambapolitica.com.mx\/index.php\/wp-json\/wp\/v2\/posts\/53702\/revisions\/53704"}],"wp:featuredmedia":[{"embeddable":true,"href":"https:\/\/bambapolitica.com.mx\/index.php\/wp-json\/wp\/v2\/media\/53703"}],"wp:attachment":[{"href":"https:\/\/bambapolitica.com.mx\/index.php\/wp-json\/wp\/v2\/media?parent=53702"}],"wp:term":[{"taxonomy":"category","embeddable":true,"href":"https:\/\/bambapolitica.com.mx\/index.php\/wp-json\/wp\/v2\/categories?post=53702"},{"taxonomy":"post_tag","embeddable":true,"href":"https:\/\/bambapolitica.com.mx\/index.php\/wp-json\/wp\/v2\/tags?post=53702"}],"curies":[{"name":"wp","href":"https:\/\/api.w.org\/{rel}","templated":true}]}}