{"id":53711,"date":"2022-12-06T09:59:46","date_gmt":"2022-12-06T15:59:46","guid":{"rendered":"http:\/\/bambapolitica.com.mx\/?p=53711"},"modified":"2022-12-06T09:59:48","modified_gmt":"2022-12-06T15:59:48","slug":"hombre-es-declarado-muerto-por-error-y-lo-meten-vivo-por-cinco-horas-en-una-camara-frigorifica","status":"publish","type":"post","link":"https:\/\/bambapolitica.com.mx\/index.php\/2022\/12\/06\/hombre-es-declarado-muerto-por-error-y-lo-meten-vivo-por-cinco-horas-en-una-camara-frigorifica\/","title":{"rendered":"Hombre es declarado muerto por error y lo meten vivo por cinco horas en una c\u00e1mara frigor\u00edfica"},"content":{"rendered":"\n<p>martes, 6 de diciembre de 2022<\/p>\n\n\n\n<p>La familia de la v\u00edctima exige justicia contra los m\u00e9dicos involucrados en este caso de negligencia.<br>Ser enterrado vivo es uno de los temores m\u00e1s escuchados y frecuentados en las pel\u00edculas de terror, sobre todo, por la desesperaci\u00f3n que podr\u00eda sentir una persona bajo tierra. Algo parecido le sucedi\u00f3 a Ribeiro da Silva, un hombre de Brasil que fue ingresado a una c\u00e1mara frigor\u00edfica por error y que lamentablemente falleci\u00f3 por hipotermia.<\/p>\n\n\n\n<p>El caso compartido por el Clar\u00edn, menciona que Ribeiro estaba en el Hospital Estadual del Centro-Norte Goiano (HCN) en la ciudad de Urua\u00e7u, donde era tratado de un c\u00e1ncer de lengua. El 29 de noviembre, el m\u00e9dico Lucas Campo certific\u00f3 la defunci\u00f3n de Ribeiro, ya que aparentemente hab\u00eda fallecido por una infecci\u00f3n a causa de su enfermedad, pero no fue as\u00ed.<br>Despu\u00e9s de ser dado por muerto, Ribeiro fue introducido en una bolsa mortuoria y llevado a una c\u00e1mara frigor\u00edfica para evitar la descomposici\u00f3n del supuesto cad\u00e1ver antes del entierro. La familia del afectado recibi\u00f3 la fatal noticia y acudi\u00f3 cerca del hospital para tramitar el traslado del \u201ccuerpo\u201d a la ciudad de Rialma, donde se espera inhumar a Ribeiro. Jam\u00e1s imaginaron que \u00e9l estaba vivo.<\/p>\n\n\n\n<p>Aun as\u00ed, el hombre fue trasladado a la funeraria en Rialma, ciudad natal de la familia, a unos 100 kil\u00f3metros de Urua\u00e7u. Y la sorpresa fue escalofriante cuando los especialistas lo sacaron de la bolsa para preparar el cuerpo para el velatorio y el entierro, ya que descubrieron que estaba vivo.<\/p>\n\n\n\n<p>Los especialistas quedaron estupefactos al darse cuenta que Ribeiro estaba con los ojos abiertos y respirando con dificultad. Los t\u00e9cnicos llamaron al Servicio de Atenci\u00f3n M\u00f3vil de Urgencia, que constat\u00f3 que estaba vivo y lo llevaron al Hospital de Rialma en estado muy grave y sin estabilizar.<\/p>\n\n\n\n<p>Finalmente falleci\u00f3 el 1 de diciembre por hipotermia, seg\u00fan inform\u00f3 el jefe de Polic\u00eda Peterson Amin.<\/p>\n\n\n\n<p>&#8220;Es incre\u00edble lo que pas\u00f3, mi hermano pas\u00f3 cinco horas en una bolsa de pl\u00e1stico, con fr\u00edo. Fue horrible, una situaci\u00f3n as\u00ed es totalmente inaceptable&#8221;, asegur\u00f3 Aparecida Ribeiro da Silva, hermana de la v\u00edctima.<br>La mujer ahora exige justicia y que los responsables paguen por la muerte de su hermano; afirm\u00f3 que reunir\u00e1 los documentos del tanatorio para iniciar acciones legales contra todos los involucrados.<\/p>\n\n\n\n<p>Por su parte la polic\u00eda ya se encuentra investigando este caso que parece sacado de una pel\u00edcula de terror.<\/p>\n","protected":false},"excerpt":{"rendered":"<p>martes, 6 de diciembre de 2022 La familia de la v\u00edctima exige justicia contra los&#8230;<\/p>\n","protected":false},"author":3,"featured_media":53712,"comment_status":"closed","ping_status":"closed","sticky":false,"template":"","format":"standard","meta":{"footnotes":""},"categories":[5],"tags":[],"class_list":["post-53711","post","type-post","status-publish","format-standard","has-post-thumbnail","hentry","category-internacional"],"_links":{"self":[{"href":"https:\/\/bambapolitica.com.mx\/index.php\/wp-json\/wp\/v2\/posts\/53711","targetHints":{"allow":["GET"]}}],"collection":[{"href":"https:\/\/bambapolitica.com.mx\/index.php\/wp-json\/wp\/v2\/posts"}],"about":[{"href":"https:\/\/bambapolitica.com.mx\/index.php\/wp-json\/wp\/v2\/types\/post"}],"author":[{"embeddable":true,"href":"https:\/\/bambapolitica.com.mx\/index.php\/wp-json\/wp\/v2\/users\/3"}],"replies":[{"embeddable":true,"href":"https:\/\/bambapolitica.com.mx\/index.php\/wp-json\/wp\/v2\/comments?post=53711"}],"version-history":[{"count":1,"href":"https:\/\/bambapolitica.com.mx\/index.php\/wp-json\/wp\/v2\/posts\/53711\/revisions"}],"predecessor-version":[{"id":53713,"href":"https:\/\/bambapolitica.com.mx\/index.php\/wp-json\/wp\/v2\/posts\/53711\/revisions\/53713"}],"wp:featuredmedia":[{"embeddable":true,"href":"https:\/\/bambapolitica.com.mx\/index.php\/wp-json\/wp\/v2\/media\/53712"}],"wp:attachment":[{"href":"https:\/\/bambapolitica.com.mx\/index.php\/wp-json\/wp\/v2\/media?parent=53711"}],"wp:term":[{"taxonomy":"category","embeddable":true,"href":"https:\/\/bambapolitica.com.mx\/index.php\/wp-json\/wp\/v2\/categories?post=53711"},{"taxonomy":"post_tag","embeddable":true,"href":"https:\/\/bambapolitica.com.mx\/index.php\/wp-json\/wp\/v2\/tags?post=53711"}],"curies":[{"name":"wp","href":"https:\/\/api.w.org\/{rel}","templated":true}]}}