{"id":53717,"date":"2022-12-06T10:09:20","date_gmt":"2022-12-06T16:09:20","guid":{"rendered":"http:\/\/bambapolitica.com.mx\/?p=53717"},"modified":"2022-12-06T10:09:23","modified_gmt":"2022-12-06T16:09:23","slug":"angel-figueroa-luego-de-9-meses-despierta-del-coma-producto-de-un-altercado","status":"publish","type":"post","link":"https:\/\/bambapolitica.com.mx\/index.php\/2022\/12\/06\/angel-figueroa-luego-de-9-meses-despierta-del-coma-producto-de-un-altercado\/","title":{"rendered":"\u00c1ngel Figueroa, luego de 9 meses, despierta del coma producto de un altercado"},"content":{"rendered":"\n<p>martes, 6 de diciembre de 2022<\/p>\n\n\n\n<p>El adolescente fue empujado cuando transitaba a bordo de una patineta.<br>Un joven de 16 a\u00f1os despert\u00f3 de coma despu\u00e9s de nueve meses. El menor llamado \u00c1ngel Figueroa permaneci\u00f3 hospitalizado tras ser empujado hacia un auto en una carretera de California, debido a esto result\u00f3 con una severa lesi\u00f3n cerebral seg\u00fan Telemundo.<\/p>\n\n\n\n<p>De acuerdo con la familia del menor, \u00c1ngel fue empujado frente a un autom\u00f3vil Tesla por un grupo de j\u00f3venes en una carretera de Estados Unidos. Despu\u00e9s de esto, el joven permaneci\u00f3 en coma por al menos nueve meses y ahora que ha despertado, debe aprender a realizar tareas simples, tales como levantar las piernas e incluso abrir y cerrar los ojos.<br>Hasta el momento, \u00c1ngel no puede comunicarse y s\u00f3lo puede realizar peque\u00f1os movimientos que para su familia, es una se\u00f1al de esperanza, los cuales desean que \u00c1ngel vuelva a hacer el mismo adolescente que recuerdan.<\/p>\n\n\n\n<p>\u201c\u00bfSabes? Hay esperanza de que va a salir de esto\u201d, coment\u00f3 Belki Brizuela, t\u00eda del menor, para Telemundo.<br>La familia coment\u00f3 que \u00c1ngel se encuentra en un centro de rehabilitaci\u00f3n en el condado de Orange y que debido a lo que sucedi\u00f3, los doctores tuvieron que extirparle parte del cr\u00e1neo.<\/p>\n\n\n\n<p>\u00bfC\u00f3mo sucedi\u00f3 el percance?<br>Seg\u00fan el Departamento de la Polic\u00eda de Hemet, en California, \u00c1ngel Figueroa transitaba a bordo de su patineta en Stetson Avenue antes del \u201cbreve altercado\u201d donde fue empujado por un grupo de j\u00f3venes.<\/p>\n\n\n\n<p>De acuerdo al informe de la polic\u00eda, el \u201cel grupo de j\u00f3venes huy\u00f3 de la escena luego de este incidente\u201d, adem\u00e1s la patineta de \u00c1ngel desapareci\u00f3.<\/p>\n\n\n\n<p>Belki Brizuela dijo, que no pod\u00eda reconocer a \u00c1ngel de lo hinchado que estaba ya que \u201csu cabeza era realmente grande\u201d y ten\u00eda muchas cicatrices y moretones por todas partes.<\/p>\n\n\n\n<p>\u201cNo puedo entenderlo. \u00bfPor qu\u00e9? Ya sabes, \u00bfcu\u00e1l fue la raz\u00f3n para hacer eso, sabes?\u201d, se pregunta Belki.<br>La familia de \u00c1ngel dijo que el presunto responsable de empujar al menor fue sentenciado a seis meses de detenci\u00f3n en un centro juvenil, mientras que los otros tres involucrados permanecen en detenci\u00f3n domiciliaria.<\/p>\n","protected":false},"excerpt":{"rendered":"<p>martes, 6 de diciembre de 2022 El adolescente fue empujado cuando transitaba a bordo de&#8230;<\/p>\n","protected":false},"author":3,"featured_media":53718,"comment_status":"closed","ping_status":"closed","sticky":false,"template":"","format":"standard","meta":{"footnotes":""},"categories":[5],"tags":[],"class_list":["post-53717","post","type-post","status-publish","format-standard","has-post-thumbnail","hentry","category-internacional"],"_links":{"self":[{"href":"https:\/\/bambapolitica.com.mx\/index.php\/wp-json\/wp\/v2\/posts\/53717","targetHints":{"allow":["GET"]}}],"collection":[{"href":"https:\/\/bambapolitica.com.mx\/index.php\/wp-json\/wp\/v2\/posts"}],"about":[{"href":"https:\/\/bambapolitica.com.mx\/index.php\/wp-json\/wp\/v2\/types\/post"}],"author":[{"embeddable":true,"href":"https:\/\/bambapolitica.com.mx\/index.php\/wp-json\/wp\/v2\/users\/3"}],"replies":[{"embeddable":true,"href":"https:\/\/bambapolitica.com.mx\/index.php\/wp-json\/wp\/v2\/comments?post=53717"}],"version-history":[{"count":1,"href":"https:\/\/bambapolitica.com.mx\/index.php\/wp-json\/wp\/v2\/posts\/53717\/revisions"}],"predecessor-version":[{"id":53719,"href":"https:\/\/bambapolitica.com.mx\/index.php\/wp-json\/wp\/v2\/posts\/53717\/revisions\/53719"}],"wp:featuredmedia":[{"embeddable":true,"href":"https:\/\/bambapolitica.com.mx\/index.php\/wp-json\/wp\/v2\/media\/53718"}],"wp:attachment":[{"href":"https:\/\/bambapolitica.com.mx\/index.php\/wp-json\/wp\/v2\/media?parent=53717"}],"wp:term":[{"taxonomy":"category","embeddable":true,"href":"https:\/\/bambapolitica.com.mx\/index.php\/wp-json\/wp\/v2\/categories?post=53717"},{"taxonomy":"post_tag","embeddable":true,"href":"https:\/\/bambapolitica.com.mx\/index.php\/wp-json\/wp\/v2\/tags?post=53717"}],"curies":[{"name":"wp","href":"https:\/\/api.w.org\/{rel}","templated":true}]}}