{"id":53726,"date":"2022-12-06T10:21:26","date_gmt":"2022-12-06T16:21:26","guid":{"rendered":"http:\/\/bambapolitica.com.mx\/?p=53726"},"modified":"2022-12-06T10:22:07","modified_gmt":"2022-12-06T16:22:07","slug":"la-reflexion-de-alfaro-yo-me-la-juego-defendio-a-mc-en-medio-de-polemicas-internas","status":"publish","type":"post","link":"https:\/\/bambapolitica.com.mx\/index.php\/2022\/12\/06\/la-reflexion-de-alfaro-yo-me-la-juego-defendio-a-mc-en-medio-de-polemicas-internas\/","title":{"rendered":"La reflexi\u00f3n de Alfaro: \u201cYo me la juego\u201d, defendi\u00f3 a MC en medio de pol\u00e9micas internas"},"content":{"rendered":"\n<p>martes, 6 de diciembre de 2022<\/p>\n\n\n\n<p>El gobernador de Jalisco, Enrique Alfaro Ram\u00edrez consider\u00f3 que su partido Movimiento Ciudadano no deber\u00eda distinguirse por pol\u00e9micas entre sus miembros, a pesar de las pol\u00e9mica interna entre sus integrantes Pablo Lemus y Alberto Esquer. El dirigente estatal indic\u00f3 que no est\u00e1 preocupado por las pr\u00f3ximas elecciones del 2024, agreg\u00f3 que por ahora estar\u00e1 ocupado en los temas de lo que resta del a\u00f1o y para lo que se aproxima en el 2023.<\/p>\n\n\n\n<p>El gobernador de Jalisco asegur\u00f3 que el proyecto que representa Movimiento Ciudadano es un asunto de todos sus integrantes ya que gracias al partido, el estado ha tenido la oportunidad de representar un cambio, y espera que sus miembros cumplan con la agenda:<\/p>\n\n\n\n<p>\u201cEste es un movimiento de mujeres y hombres que merecen nuestro respeto(\u2026) me debo a la gente que cuando ha sido necesario ha salido a la calle de manera libre, que hemos luchado recorriendo Jalisco; ellos ser\u00e1n siempre el proyecto pol\u00edtico con el cual yo me la juego. Alberto, Pablo, Clemente son parte de este proyecto\u201d.<\/p>\n\n\n\n<p>Y es que el partido Movimiento Ciudadano Jalisco se ha visto envuelto en pol\u00e9micas tras los conflictos entre sus miembros Alberto Esquer Guti\u00e9rrez, secretario del Sistemas de Asistencia Social, y el presidente municipal de Guadalajara, Pablo Lemus Navarro por reclamos y se\u00f1alamientos.<\/p>\n\n\n\n<p>Esto inici\u00f3 cuando MC y otras organizaciones convocaron a sus simpatizantes a marchar fuera de las instalaciones donde se realiz\u00f3 la Feria Internacional del Libro (FIL) Guadalajara, el pasado 26 de noviembre, por conflictos entre el gobernador Alfaro y el presidente de la feria Ra\u00fal Padilla, as\u00ed como el comit\u00e9 organizador.<br>En dicha protesta, fue notoria la ausencia del presidente municipal de Guadalajara, Pablo Lemus, quien explic\u00f3, tras las cr\u00edticas de Alberto Esquer, que no particip\u00f3 porque no \u201ces arrastrado de nadie\u201d y aclar\u00f3 que su candidatura para la gobernatura de Jalisco en las pr\u00f3ximas elecciones no depende de su participaci\u00f3n en las protestas convocadas por el partido Naranja:<\/p>\n\n\n\n<p>\u201cNo voy a actuar para quedar bien con nadie, no voy a andar de arrastrado con nadie, yo voy a actuar de acuerdo a mi conciencia y se acab\u00f3. \u00bfQui\u00e9n me va a sancionar? Pues hasta ahorita no, si ya me reclamaron pues el propio Esquer, el gobernador no me ha dicho nada\u201d.<br>Los comentarios de Lemus llegaron a o\u00eddos de Alberto Esquer, quien utiliz\u00f3 sus redes sociales para contestarle y public\u00f3 que eran inadmisibles las cr\u00edticas de los mismos integrantes del partido:<\/p>\n\n\n\n<p>\u201cHoy cambi\u00f3 el futuro pol\u00edtico de Jalisco. Es inadmisible la ofensa y el desprecio a las estructuras y liderazgos de este movimiento. Quien insulta este proyecto, aunque no lo entienda, no puede aspirar a encabezarlo\u201d.<br>Los ataques no pararon, el presidente municipal tapat\u00edo tambi\u00e9n utiliz\u00f3 sus redes sociales para manifestar su opini\u00f3n, considerando que su abstinencia a participar en la marcha estaba en relaci\u00f3n con sus ideales:<\/p>\n\n\n\n<p>\u201cLa congruencia, antes que nada, la raz\u00f3n borra la descalificaci\u00f3n, estar cerca de la gente es nuestra fortaleza, jam\u00e1s claudicar\u00e9 ante mis principios, pues la verdad calla al servilismo, no es de intereses particulares, es el valor de la verdad\u201d.<br>Luego de que Pablo Lemus les dijera \u201cArrastrados y Arrimados\u201d al dirigente Estatal de Movimiento Ciudadano, Manuel Romo, y Alberto Esquer, este \u00faltimo refiri\u00f3 que no ha tenido la oportunidad de platicar con el presidente municipal tapat\u00edo.<\/p>\n\n\n\n<p>Esquer coment\u00f3 que desde hace 10 a\u00f1os se afili\u00f3 a Movimiento Ciudadano y ha tenido el honor de que Dante Delgado lo llamara para ser coordinador nacional, a diferencia de Pablo Lemus que no est\u00e1 afiliado:<\/p>\n\n\n\n<p>\u201cNo tengo ninguna molestia, al contrario, invito al alcalde a que est\u00e9 tranquilo, relajado, es m\u00e1s aqu\u00ed, traigo un tecito, le mando un tecito para que est\u00e9 tranquilo, somos amigos, somos compa\u00f1eros, de proyecto no de partido, porque \u00e9l no pertenece yo lo que digo que podemos sentarnos a platicar del futuro\u201d.<\/p>\n","protected":false},"excerpt":{"rendered":"<p>martes, 6 de diciembre de 2022 El gobernador de Jalisco, Enrique Alfaro Ram\u00edrez consider\u00f3 que&#8230;<\/p>\n","protected":false},"author":3,"featured_media":53727,"comment_status":"closed","ping_status":"closed","sticky":false,"template":"","format":"standard","meta":{"footnotes":""},"categories":[4],"tags":[],"class_list":["post-53726","post","type-post","status-publish","format-standard","has-post-thumbnail","hentry","category-noticias-del-dia"],"_links":{"self":[{"href":"https:\/\/bambapolitica.com.mx\/index.php\/wp-json\/wp\/v2\/posts\/53726","targetHints":{"allow":["GET"]}}],"collection":[{"href":"https:\/\/bambapolitica.com.mx\/index.php\/wp-json\/wp\/v2\/posts"}],"about":[{"href":"https:\/\/bambapolitica.com.mx\/index.php\/wp-json\/wp\/v2\/types\/post"}],"author":[{"embeddable":true,"href":"https:\/\/bambapolitica.com.mx\/index.php\/wp-json\/wp\/v2\/users\/3"}],"replies":[{"embeddable":true,"href":"https:\/\/bambapolitica.com.mx\/index.php\/wp-json\/wp\/v2\/comments?post=53726"}],"version-history":[{"count":1,"href":"https:\/\/bambapolitica.com.mx\/index.php\/wp-json\/wp\/v2\/posts\/53726\/revisions"}],"predecessor-version":[{"id":53728,"href":"https:\/\/bambapolitica.com.mx\/index.php\/wp-json\/wp\/v2\/posts\/53726\/revisions\/53728"}],"wp:featuredmedia":[{"embeddable":true,"href":"https:\/\/bambapolitica.com.mx\/index.php\/wp-json\/wp\/v2\/media\/53727"}],"wp:attachment":[{"href":"https:\/\/bambapolitica.com.mx\/index.php\/wp-json\/wp\/v2\/media?parent=53726"}],"wp:term":[{"taxonomy":"category","embeddable":true,"href":"https:\/\/bambapolitica.com.mx\/index.php\/wp-json\/wp\/v2\/categories?post=53726"},{"taxonomy":"post_tag","embeddable":true,"href":"https:\/\/bambapolitica.com.mx\/index.php\/wp-json\/wp\/v2\/tags?post=53726"}],"curies":[{"name":"wp","href":"https:\/\/api.w.org\/{rel}","templated":true}]}}