{"id":53735,"date":"2022-12-06T10:35:40","date_gmt":"2022-12-06T16:35:40","guid":{"rendered":"http:\/\/bambapolitica.com.mx\/?p=53735"},"modified":"2022-12-06T10:35:42","modified_gmt":"2022-12-06T16:35:42","slug":"murio-la-actriz-kirstie-alley-a-los-71-anos-de-edad","status":"publish","type":"post","link":"https:\/\/bambapolitica.com.mx\/index.php\/2022\/12\/06\/murio-la-actriz-kirstie-alley-a-los-71-anos-de-edad\/","title":{"rendered":"Muri\u00f3 la actriz Kirstie Alley a los 71 a\u00f1os de edad"},"content":{"rendered":"\n<p>martes, 6 de diciembre de 2022<\/p>\n\n\n\n<p>La familia agradeci\u00f3 al equipo de m\u00e9dicos del Moffitt Cancer Center por la atenci\u00f3n brindada a la actriz Kirstie Alley<br>La actriz Kirstie Alley muri\u00f3 a los 71 a\u00f1os de edad tras \u201cuna batalla contra el c\u00e1ncer\u201d, confirm\u00f3 la familia en un comunicado.<\/p>\n\n\n\n<p>Estuvo rodeada de su familia m\u00e1s cercana y luch\u00f3 con mucha fuerza, dej\u00e1ndonos con la certeza de su inagotable alegr\u00eda de vivir y de las aventuras que le esperaban. Tan ic\u00f3nica como fue en la pantalla, fue una madre y abuela a\u00fan m\u00e1s incre\u00edble\u201d, se inform\u00f3 en un texto compartido en las redes sociales de la int\u00e9rprete.<br>La familia agradeci\u00f3 al equipo de m\u00e9dicos del Moffitt Cancer Center por la atenci\u00f3n brindada a la actriz.<br>El entusiasmo y la pasi\u00f3n por la vida de nuestra madre, sus hijos, nietos y sus muchos animales, sin mencionar su eterna alegr\u00eda de crear, no ten\u00edan paralelo y nos dejan inspirados para vivir la vida al m\u00e1ximo, tal como ella lo hizo\u201d, manifest\u00f3 la familia.<br>Originaria de Wichita, Kansas, Kirstie Alley debut\u00f3 en 1982 en la pel\u00edcula \u2018Star Trek II: la ira de Khan\u2019, a la que le siguieron filmes como \u2018One More Chance\u2019, \u2018Champions\u2019 y \u2018Runaway\u2019.<br>En la televisi\u00f3n particip\u00f3 en series como \u2018Norte y sur\u2019 y \u2018Cheers\u2019.<\/p>\n\n\n\n<p>A nivel internacional, fue conocida por su papel en \u2018Mira qui\u00e9n habla\u2019 de 1990.<\/p>\n","protected":false},"excerpt":{"rendered":"<p>martes, 6 de diciembre de 2022 La familia agradeci\u00f3 al equipo de m\u00e9dicos del Moffitt&#8230;<\/p>\n","protected":false},"author":3,"featured_media":53736,"comment_status":"closed","ping_status":"closed","sticky":false,"template":"","format":"standard","meta":{"footnotes":""},"categories":[3],"tags":[],"class_list":["post-53735","post","type-post","status-publish","format-standard","has-post-thumbnail","hentry","category-espectaculos"],"_links":{"self":[{"href":"https:\/\/bambapolitica.com.mx\/index.php\/wp-json\/wp\/v2\/posts\/53735","targetHints":{"allow":["GET"]}}],"collection":[{"href":"https:\/\/bambapolitica.com.mx\/index.php\/wp-json\/wp\/v2\/posts"}],"about":[{"href":"https:\/\/bambapolitica.com.mx\/index.php\/wp-json\/wp\/v2\/types\/post"}],"author":[{"embeddable":true,"href":"https:\/\/bambapolitica.com.mx\/index.php\/wp-json\/wp\/v2\/users\/3"}],"replies":[{"embeddable":true,"href":"https:\/\/bambapolitica.com.mx\/index.php\/wp-json\/wp\/v2\/comments?post=53735"}],"version-history":[{"count":1,"href":"https:\/\/bambapolitica.com.mx\/index.php\/wp-json\/wp\/v2\/posts\/53735\/revisions"}],"predecessor-version":[{"id":53737,"href":"https:\/\/bambapolitica.com.mx\/index.php\/wp-json\/wp\/v2\/posts\/53735\/revisions\/53737"}],"wp:featuredmedia":[{"embeddable":true,"href":"https:\/\/bambapolitica.com.mx\/index.php\/wp-json\/wp\/v2\/media\/53736"}],"wp:attachment":[{"href":"https:\/\/bambapolitica.com.mx\/index.php\/wp-json\/wp\/v2\/media?parent=53735"}],"wp:term":[{"taxonomy":"category","embeddable":true,"href":"https:\/\/bambapolitica.com.mx\/index.php\/wp-json\/wp\/v2\/categories?post=53735"},{"taxonomy":"post_tag","embeddable":true,"href":"https:\/\/bambapolitica.com.mx\/index.php\/wp-json\/wp\/v2\/tags?post=53735"}],"curies":[{"name":"wp","href":"https:\/\/api.w.org\/{rel}","templated":true}]}}