{"id":53738,"date":"2022-12-07T09:35:20","date_gmt":"2022-12-07T15:35:20","guid":{"rendered":"http:\/\/bambapolitica.com.mx\/?p=53738"},"modified":"2022-12-07T09:35:24","modified_gmt":"2022-12-07T15:35:24","slug":"diputados-aprueban-reformas-a-leyes-secundarias-en-materia-electoral","status":"publish","type":"post","link":"https:\/\/bambapolitica.com.mx\/index.php\/2022\/12\/07\/diputados-aprueban-reformas-a-leyes-secundarias-en-materia-electoral\/","title":{"rendered":"Diputados aprueban reformas a leyes secundarias en materia electoral"},"content":{"rendered":"\n<p>7 Diciembre 2022.<\/p>\n\n\n\n<p>La C\u00e1mara de Diputados aprob\u00f3, en lo general y lo particular, reformas en materia electoral a la Ley General de Comunicaci\u00f3n Social y a la Ley General de Responsabilidades Administrativas. En lo general el proyecto se aprob\u00f3 con 267 votos a favor, 221 en contra y ninguna abstenci\u00f3n. En lo particular recibi\u00f3 267 votos.<\/p>\n\n\n\n<p>La C\u00e1mara de Diputados aprob\u00f3, en lo general y lo particular, reformas en materia electoral a la Ley General de Comunicaci\u00f3n Social y a la Ley General de Responsabilidades Administrativas.<\/p>\n\n\n\n<p>En lo general el <a href=\"http:\/\/comunicacionsocial.diputados.gob.mx\/index.php\/boletines\/aprueba-la-camara-de-diputados-reformas-a-leyes-secundarias-en-materia-electoral\">proyecto se aprob\u00f3<\/a> con 267 votos a favor, 221 en contra y ninguna abstenci\u00f3n. En lo particular recibi\u00f3 267 votos a favor, 215 en contra y ninguna abstenci\u00f3n.<\/p>\n\n\n\n<p>En votaci\u00f3n separada se aval\u00f3 el proyecto de decreto que reforma, adiciona y deroga diversas disposiciones de la Ley General de Partidos Pol\u00edticos y de la Ley Org\u00e1nica del Poder Judicial de la Federaci\u00f3n, y expide la Ley General de los Medios de Impugnaci\u00f3n en Materia Electoral.<\/p>\n\n\n\n<p>Durante la discusi\u00f3n se aceptaron m\u00faltiples reservas, entre las cuales se encuentra la del art\u00edculo 329 de la Ley General de Instituciones y Procedimientos Electorales, en materia del voto de personas migrantes.<\/p>\n\n\n\n<p>Santiago Creel, presidente de la Mesa Directiva de la C\u00e1mara de Diputados, detall\u00f3 que las iniciativas y proposiciones con puntos de acuerdo ser\u00e1n turnadas a las comisiones respectivas.<\/p>\n\n\n\n<p>Previamente, la C\u00e1mara Baja&nbsp;rechaz\u00f3 la reforma constitucional que present\u00f3 el presidente L\u00f3pez Obrador en abril, misma que&nbsp;causaba pol\u00e9mica porque crear\u00eda el&nbsp;Instituto Nacional de Elecciones y Consultas&nbsp;(INEC) para sustituir al actual&nbsp;Instituto Nacional Electoral&nbsp;(INE), \u00f3rgano aut\u00f3nomo que surgi\u00f3 para quitar el control de las elecciones al Gobierno.<\/p>\n\n\n\n<p>Adem\u00e1s, someter\u00eda a voto popular a los consejeros del INE y a los magistrados del Tribunal Electoral del Poder Judicial de la Federaci\u00f3n (TEPJF).<\/p>\n\n\n\n<p>Tambi\u00e9n eliminar\u00eda 200 diputados y 32 senadores, reducir\u00eda el financiamiento de los partidos pol\u00edticos y redefinir\u00eda el concepto de \u201cpropaganda\u201d para que el Gobierno se pronuncie durante las elecciones, disposiciones criticadas porque pueden favorecer al actual partido en el poder.<\/p>\n","protected":false},"excerpt":{"rendered":"<p>7 Diciembre 2022. La C\u00e1mara de Diputados aprob\u00f3, en lo general y lo particular, reformas&#8230;<\/p>\n","protected":false},"author":3,"featured_media":53739,"comment_status":"closed","ping_status":"closed","sticky":false,"template":"","format":"standard","meta":{"footnotes":""},"categories":[4],"tags":[],"class_list":["post-53738","post","type-post","status-publish","format-standard","has-post-thumbnail","hentry","category-noticias-del-dia"],"_links":{"self":[{"href":"https:\/\/bambapolitica.com.mx\/index.php\/wp-json\/wp\/v2\/posts\/53738","targetHints":{"allow":["GET"]}}],"collection":[{"href":"https:\/\/bambapolitica.com.mx\/index.php\/wp-json\/wp\/v2\/posts"}],"about":[{"href":"https:\/\/bambapolitica.com.mx\/index.php\/wp-json\/wp\/v2\/types\/post"}],"author":[{"embeddable":true,"href":"https:\/\/bambapolitica.com.mx\/index.php\/wp-json\/wp\/v2\/users\/3"}],"replies":[{"embeddable":true,"href":"https:\/\/bambapolitica.com.mx\/index.php\/wp-json\/wp\/v2\/comments?post=53738"}],"version-history":[{"count":1,"href":"https:\/\/bambapolitica.com.mx\/index.php\/wp-json\/wp\/v2\/posts\/53738\/revisions"}],"predecessor-version":[{"id":53740,"href":"https:\/\/bambapolitica.com.mx\/index.php\/wp-json\/wp\/v2\/posts\/53738\/revisions\/53740"}],"wp:featuredmedia":[{"embeddable":true,"href":"https:\/\/bambapolitica.com.mx\/index.php\/wp-json\/wp\/v2\/media\/53739"}],"wp:attachment":[{"href":"https:\/\/bambapolitica.com.mx\/index.php\/wp-json\/wp\/v2\/media?parent=53738"}],"wp:term":[{"taxonomy":"category","embeddable":true,"href":"https:\/\/bambapolitica.com.mx\/index.php\/wp-json\/wp\/v2\/categories?post=53738"},{"taxonomy":"post_tag","embeddable":true,"href":"https:\/\/bambapolitica.com.mx\/index.php\/wp-json\/wp\/v2\/tags?post=53738"}],"curies":[{"name":"wp","href":"https:\/\/api.w.org\/{rel}","templated":true}]}}