{"id":53741,"date":"2022-12-07T09:46:23","date_gmt":"2022-12-07T15:46:23","guid":{"rendered":"http:\/\/bambapolitica.com.mx\/?p=53741"},"modified":"2022-12-07T09:46:27","modified_gmt":"2022-12-07T15:46:27","slug":"automovilista-choco-contra-una-camioneta-de-tres-toneladas-en-el-municipio-de-valle-de-chalco","status":"publish","type":"post","link":"https:\/\/bambapolitica.com.mx\/index.php\/2022\/12\/07\/automovilista-choco-contra-una-camioneta-de-tres-toneladas-en-el-municipio-de-valle-de-chalco\/","title":{"rendered":"AUTOMOVILISTA  CHOC\u00d3 CONTRA UNA CAMIONETA DE TRES TONELADAS EN EL MUNICIPIO DE VALLE DE CHALCO"},"content":{"rendered":"\n<p>7 Diciembre 2022.<\/p>\n\n\n\n<p>Un automovilista se vio involucrado en un terrible choque automovil\u00edstico contra una camioneta de carga en el municipio de Valle de Chalco, se reportan varias personas lesionadas.<\/p>\n\n\n\n<p>El accidente automovil\u00edstico ocurri\u00f3 a la altura del kil\u00f3metro 26, en la carretera M\u00e9xico-Puebla, con direcci\u00f3n a la CDMX. este mi\u00e9rcoles, un veh\u00edculo particular color gris choc\u00f3 contra una camioneta de carga color roja, el percance vial se report\u00f3 a los n\u00fameros de emergencia.<\/p>\n\n\n\n<p>Al siti\u00f3 acudi\u00f3 la Guardia Nacional, quienes implementaron circulaci\u00f3n vial solo por un carril, mientras que los equipos m\u00e9dicos atendieron tres personas afectadas por el accidente vial, fueron trasladadas al hospital general.<\/p>\n\n\n\n<p>El accidente automovil\u00edstico ocasion\u00f3 caos vial por varias horas, el tr\u00e1fico estaba desde la caseta de Chalco, hasta el momento todav\u00eda hay afectaciones, tome sus precauciones.<\/p>\n","protected":false},"excerpt":{"rendered":"<p>7 Diciembre 2022. Un automovilista se vio involucrado en un terrible choque automovil\u00edstico contra una&#8230;<\/p>\n","protected":false},"author":3,"featured_media":53742,"comment_status":"closed","ping_status":"closed","sticky":false,"template":"","format":"standard","meta":{"footnotes":""},"categories":[4],"tags":[],"class_list":["post-53741","post","type-post","status-publish","format-standard","has-post-thumbnail","hentry","category-noticias-del-dia"],"_links":{"self":[{"href":"https:\/\/bambapolitica.com.mx\/index.php\/wp-json\/wp\/v2\/posts\/53741","targetHints":{"allow":["GET"]}}],"collection":[{"href":"https:\/\/bambapolitica.com.mx\/index.php\/wp-json\/wp\/v2\/posts"}],"about":[{"href":"https:\/\/bambapolitica.com.mx\/index.php\/wp-json\/wp\/v2\/types\/post"}],"author":[{"embeddable":true,"href":"https:\/\/bambapolitica.com.mx\/index.php\/wp-json\/wp\/v2\/users\/3"}],"replies":[{"embeddable":true,"href":"https:\/\/bambapolitica.com.mx\/index.php\/wp-json\/wp\/v2\/comments?post=53741"}],"version-history":[{"count":1,"href":"https:\/\/bambapolitica.com.mx\/index.php\/wp-json\/wp\/v2\/posts\/53741\/revisions"}],"predecessor-version":[{"id":53743,"href":"https:\/\/bambapolitica.com.mx\/index.php\/wp-json\/wp\/v2\/posts\/53741\/revisions\/53743"}],"wp:featuredmedia":[{"embeddable":true,"href":"https:\/\/bambapolitica.com.mx\/index.php\/wp-json\/wp\/v2\/media\/53742"}],"wp:attachment":[{"href":"https:\/\/bambapolitica.com.mx\/index.php\/wp-json\/wp\/v2\/media?parent=53741"}],"wp:term":[{"taxonomy":"category","embeddable":true,"href":"https:\/\/bambapolitica.com.mx\/index.php\/wp-json\/wp\/v2\/categories?post=53741"},{"taxonomy":"post_tag","embeddable":true,"href":"https:\/\/bambapolitica.com.mx\/index.php\/wp-json\/wp\/v2\/tags?post=53741"}],"curies":[{"name":"wp","href":"https:\/\/api.w.org\/{rel}","templated":true}]}}