{"id":53747,"date":"2022-12-07T10:13:44","date_gmt":"2022-12-07T16:13:44","guid":{"rendered":"http:\/\/bambapolitica.com.mx\/?p=53747"},"modified":"2022-12-07T10:13:49","modified_gmt":"2022-12-07T16:13:49","slug":"marko-cortes-celebra-freno-a-reforma-electoral-no-aprobaremos-caprichos-presidenciales","status":"publish","type":"post","link":"https:\/\/bambapolitica.com.mx\/index.php\/2022\/12\/07\/marko-cortes-celebra-freno-a-reforma-electoral-no-aprobaremos-caprichos-presidenciales\/","title":{"rendered":"Marko Cort\u00e9s celebra freno a reforma electoral; &#8220;no aprobaremos caprichos presidenciales&#8221;"},"content":{"rendered":"\n<p>7 Diciembre 2022.<\/p>\n\n\n\n<p>La reforma electoral propon\u00eda modificaciones a 17 art\u00edculos de la Constituci\u00f3n Pol\u00edtica, entre los que destaca la supresi\u00f3n del INE.<\/p>\n\n\n\n<p>Despu\u00e9s de que el pleno de la <a href=\"https:\/\/www.telediario.mx\/nacional\/camara-diputados-reforma-electoral-llega-mayoria\">C\u00e1mara de Diputados no alcanz\u00f3 la votaci\u00f3n<\/a> requerida para que la <strong>reforma electoral<\/strong> haya sido aprobada, el presidente del Partido Acci\u00f3n Nacional (PAN), Marko Cort\u00e9s, festej\u00f3 que la oposici\u00f3n haya logrado frenar la reforma pol\u00edtico-electoral.<\/p>\n\n\n\n<p>Desde su cuenta de Twitter, <a href=\"https:\/\/www.telediario.mx\/temas\/marko-cortes\">Marko Cort\u00e9s<\/a>,&nbsp; expres\u00f3 que &#8220;no aprobar\u00e1n los caprichos presidenciales que violan la Constituci\u00f3n&#8221;, al tiempo que celebr\u00f3 el rechazo a la antidemocr\u00e1tica.<\/p>\n\n\n\n<p><strong>\u00bfQu\u00e9 propon\u00eda la reforma electoral?<\/strong><\/p>\n\n\n\n<p>La reforma electoral&nbsp;<strong>propon\u00eda modificaciones a 17 art\u00edculos de la Constituci\u00f3n Pol\u00edtica<\/strong>, entre los que destaca la supresi\u00f3n del Instituto Nacional Electoral (INE) para crear en su lugar el Instituto Nacional de Elecciones y Consultas (INEC), as\u00ed como la reducci\u00f3n de 11 a 7 consejeros electorales y su elecci\u00f3n por voto popular.<\/p>\n\n\n\n<p>Adem\u00e1s, planteaba disminuir de 500 a 300 el n\u00famero de diputados federales y de 128 a 96 el de senadores, eliminando a los legisladores de mayor\u00eda relativa y estableciendo un sistema de elecci\u00f3n mediante listas en las 32 entidades federativas.<\/p>\n\n\n\n<p>La reforma electoral alcanz\u00f3 269 votos a favor, una abstenci\u00f3n y 225 en contra, por lo que el pleno de la C\u00e1mara de Diputados no alcanz\u00f3 la votaci\u00f3n requerida para que la reforma electoral haya sido aprobada.<\/p>\n","protected":false},"excerpt":{"rendered":"<p>7 Diciembre 2022. La reforma electoral propon\u00eda modificaciones a 17 art\u00edculos de la Constituci\u00f3n Pol\u00edtica,&#8230;<\/p>\n","protected":false},"author":3,"featured_media":53748,"comment_status":"closed","ping_status":"closed","sticky":false,"template":"","format":"standard","meta":{"footnotes":""},"categories":[4],"tags":[],"class_list":["post-53747","post","type-post","status-publish","format-standard","has-post-thumbnail","hentry","category-noticias-del-dia"],"_links":{"self":[{"href":"https:\/\/bambapolitica.com.mx\/index.php\/wp-json\/wp\/v2\/posts\/53747","targetHints":{"allow":["GET"]}}],"collection":[{"href":"https:\/\/bambapolitica.com.mx\/index.php\/wp-json\/wp\/v2\/posts"}],"about":[{"href":"https:\/\/bambapolitica.com.mx\/index.php\/wp-json\/wp\/v2\/types\/post"}],"author":[{"embeddable":true,"href":"https:\/\/bambapolitica.com.mx\/index.php\/wp-json\/wp\/v2\/users\/3"}],"replies":[{"embeddable":true,"href":"https:\/\/bambapolitica.com.mx\/index.php\/wp-json\/wp\/v2\/comments?post=53747"}],"version-history":[{"count":1,"href":"https:\/\/bambapolitica.com.mx\/index.php\/wp-json\/wp\/v2\/posts\/53747\/revisions"}],"predecessor-version":[{"id":53749,"href":"https:\/\/bambapolitica.com.mx\/index.php\/wp-json\/wp\/v2\/posts\/53747\/revisions\/53749"}],"wp:featuredmedia":[{"embeddable":true,"href":"https:\/\/bambapolitica.com.mx\/index.php\/wp-json\/wp\/v2\/media\/53748"}],"wp:attachment":[{"href":"https:\/\/bambapolitica.com.mx\/index.php\/wp-json\/wp\/v2\/media?parent=53747"}],"wp:term":[{"taxonomy":"category","embeddable":true,"href":"https:\/\/bambapolitica.com.mx\/index.php\/wp-json\/wp\/v2\/categories?post=53747"},{"taxonomy":"post_tag","embeddable":true,"href":"https:\/\/bambapolitica.com.mx\/index.php\/wp-json\/wp\/v2\/tags?post=53747"}],"curies":[{"name":"wp","href":"https:\/\/api.w.org\/{rel}","templated":true}]}}