{"id":53751,"date":"2022-12-07T11:18:55","date_gmt":"2022-12-07T17:18:55","guid":{"rendered":"http:\/\/bambapolitica.com.mx\/?p=53751"},"modified":"2022-12-07T11:18:58","modified_gmt":"2022-12-07T17:18:58","slug":"monreal-confirma-que-plan-b-de-reforma-electoral-no-sera-aprobado-fast-track-en-el-senado","status":"publish","type":"post","link":"https:\/\/bambapolitica.com.mx\/index.php\/2022\/12\/07\/monreal-confirma-que-plan-b-de-reforma-electoral-no-sera-aprobado-fast-track-en-el-senado\/","title":{"rendered":"Monreal confirma que plan B de Reforma Electoral no ser\u00e1 aprobado \u2018fast track\u2019 en el Senado"},"content":{"rendered":"\n<p>7 Diciembre 2022.<\/p>\n\n\n\n<p>Ricardo Monreal, coordinador de los senadores de Morena, dijo que el an\u00e1lisis del plan B de Reforma Electoral se har\u00e1 \u201csin precipitaciones\u201d<\/p>\n\n\n\n<p><a href=\"https:\/\/twitter.com\/RicardoMonrealA\">Ricardo Monreal<\/a>, coordinador de los senadores de Morena, dej\u00f3 en claro que en la C\u00e1mara Alta se analizar\u00e1 y estudiar\u00e1 con cuidado el contenido del <a href=\"https:\/\/lopezdoriga.com\/nacional\/diputados-aprueban-reformas-leyes-secundarias-materia-electoral\/\">plan B<\/a> de Reforma Electoral, por lo que no ser\u00e1 aprobada al vapor.<\/p>\n\n\n\n<p>Monreal \u00c1vila dej\u00f3 en claro que la discusi\u00f3n del plan B del presidente Andr\u00e9s Manuel L\u00f3pez Obrador en el Senado de la Rep\u00fablica se llevar\u00e1 a cabo \u201csin precipitaciones\u201d.<\/p>\n\n\n\n<p><strong>Yo creo, lo digo con respeto, que la colegisladora decidi\u00f3 en un acto r\u00e1pido, pero en el Senado debemos de hacer un esfuerzo de realizar un estudio a profundidad y exhaustivo de la minuta. Este d\u00eda seguro nos llegar\u00e1\u201d, detall\u00f3 en entrevista con Ciro G\u00f3mez Leyva en Radio F\u00f3rmula.<\/strong><\/p>\n\n\n\n<p>\u201cA nadie le hace da\u00f1o que sea discutida una reforma tan profunda, El Senado actuar\u00e1 con serenidad y buen juicio, cuidando el procedimiento legal, el procedimiento ordinario\u201d, explic\u00f3 el tambi\u00e9n presidente de la Junta de Coordinaci\u00f3n Pol\u00edtica (Jucopo) en la C\u00e1mara Alta.<\/p>\n\n\n\n<p>\u201cVamos a darle el ritmo correcto porque adem\u00e1s la C\u00e1mara revisora tiene por naturaleza actuar con m\u00e1s sensatez, con m\u00e1s reflexi\u00f3n, con m\u00e1s serenidad\u201d, expuso Monreal \u00c1vila sobre el plan B de Reforma Electoral.<\/p>\n\n\n\n<p>La C\u00e1mara de Diputados aprob\u00f3 la madrugada de este mi\u00e9rcoles diversas modificaciones a leyes secundarias en materia electoral, tras la derrota de su pol\u00e9mica reforma electoral constitucional que no alcanz\u00f3 los dos tercios de votos necesarios.<\/p>\n\n\n\n<p>Al anticipar el rechazo de la oposici\u00f3n, L\u00f3pez Obrador present\u00f3 el martes mismo una reforma legal para modificar seis leyes secundarias que se aprob\u00f3 con mayor\u00eda simple para turnarse al Senado.<\/p>\n\n\n\n<p>Con su aprobaci\u00f3n, se redujo en tres mil 500 millones de pesos el presupuesto del Instituto Nacional Electoral (INE), y se alcanzaron \u201cahorros\u201d totales por cinco mil millones de pesos al considerar organismos electorales locales y al Tribunal Electoral del Poder Judicial de la Federaci\u00f3n (TEPJF).<\/p>\n\n\n\n<p>Adem\u00e1s, se suprime duplicidad de funciones de \u00e1reas administrativas del INE, se reduce de 300 oficinas distritales a 264. Tambi\u00e9n se reconoce que los migrantes o los residentes mexicanos que se encuentran en el extranjero van a poder votar por internet.<\/p>\n\n\n\n<p>Establece las bases para el voto electr\u00f3nico y se suprime o se proh\u00edbe que se hagan uso de instrumentos como los monederos electr\u00f3nicos, como las tarjetas de prepago, que serv\u00edan para coaccionar y para comprar el voto en la jornada electoral.<\/p>\n","protected":false},"excerpt":{"rendered":"<p>7 Diciembre 2022. Ricardo Monreal, coordinador de los senadores de Morena, dijo que el an\u00e1lisis&#8230;<\/p>\n","protected":false},"author":3,"featured_media":53752,"comment_status":"closed","ping_status":"closed","sticky":false,"template":"","format":"standard","meta":{"footnotes":""},"categories":[4],"tags":[],"class_list":["post-53751","post","type-post","status-publish","format-standard","has-post-thumbnail","hentry","category-noticias-del-dia"],"_links":{"self":[{"href":"https:\/\/bambapolitica.com.mx\/index.php\/wp-json\/wp\/v2\/posts\/53751","targetHints":{"allow":["GET"]}}],"collection":[{"href":"https:\/\/bambapolitica.com.mx\/index.php\/wp-json\/wp\/v2\/posts"}],"about":[{"href":"https:\/\/bambapolitica.com.mx\/index.php\/wp-json\/wp\/v2\/types\/post"}],"author":[{"embeddable":true,"href":"https:\/\/bambapolitica.com.mx\/index.php\/wp-json\/wp\/v2\/users\/3"}],"replies":[{"embeddable":true,"href":"https:\/\/bambapolitica.com.mx\/index.php\/wp-json\/wp\/v2\/comments?post=53751"}],"version-history":[{"count":1,"href":"https:\/\/bambapolitica.com.mx\/index.php\/wp-json\/wp\/v2\/posts\/53751\/revisions"}],"predecessor-version":[{"id":53753,"href":"https:\/\/bambapolitica.com.mx\/index.php\/wp-json\/wp\/v2\/posts\/53751\/revisions\/53753"}],"wp:featuredmedia":[{"embeddable":true,"href":"https:\/\/bambapolitica.com.mx\/index.php\/wp-json\/wp\/v2\/media\/53752"}],"wp:attachment":[{"href":"https:\/\/bambapolitica.com.mx\/index.php\/wp-json\/wp\/v2\/media?parent=53751"}],"wp:term":[{"taxonomy":"category","embeddable":true,"href":"https:\/\/bambapolitica.com.mx\/index.php\/wp-json\/wp\/v2\/categories?post=53751"},{"taxonomy":"post_tag","embeddable":true,"href":"https:\/\/bambapolitica.com.mx\/index.php\/wp-json\/wp\/v2\/tags?post=53751"}],"curies":[{"name":"wp","href":"https:\/\/api.w.org\/{rel}","templated":true}]}}