{"id":53779,"date":"2022-12-08T08:42:26","date_gmt":"2022-12-08T14:42:26","guid":{"rendered":"http:\/\/bambapolitica.com.mx\/?p=53779"},"modified":"2022-12-08T08:42:31","modified_gmt":"2022-12-08T14:42:31","slug":"mexico-acumula-222-casos-probables-de-hepatitis-infantil-aguda","status":"publish","type":"post","link":"https:\/\/bambapolitica.com.mx\/index.php\/2022\/12\/08\/mexico-acumula-222-casos-probables-de-hepatitis-infantil-aguda\/","title":{"rendered":"M\u00e9xico acumula 222 casos probables de hepatitis infantil aguda"},"content":{"rendered":"\n<p>jueves, 8 de diciembre de 2022<\/p>\n\n\n\n<p>La Ciudad de M\u00e9xico l\u00eddera el n\u00famero de casos probables de hepatitis infantil aguda con 48; seguida del Estado de M\u00e9xico con 29<\/p>\n\n\n\n<p>La Ciudad de M\u00e9xico l\u00eddera el n\u00famero de casos probables de hepatitis infantil aguda con 48; seguida del Estado de M\u00e9xico con 29<\/p>\n\n\n\n<p>En M\u00e9xico suman 222 casos probables de hepatitis infantil aguda, inform\u00f3 la Secretar\u00eda de Salud.<\/p>\n\n\n\n<p>El m\u00e1s reciente informe de la Direcci\u00f3n General de Epidemiolog\u00eda apunta a que los casos probables se encuentran en 27 estados.<\/p>\n\n\n\n<p>La Ciudad de M\u00e9xico l\u00eddera el n\u00famero de casos probables con 48; seguida del Estado de M\u00e9xico con 29; Veracruz e Hidalgo con 12; Jalisco y Campeche con 11.<\/p>\n\n\n\n<p>Los menores de 0 a 5 a\u00f1os son el grupo et\u00e1reo m\u00e1s afectado, con 175 de los 222 casos probables.<\/p>\n\n\n\n<p>Los primeros casos de hepatitis aguda grave de causa desconocida en ni\u00f1os fueron detectados en Reino Unido a inicios de abril en ni\u00f1os menores de diez a\u00f1os y sin problemas de salud.<\/p>\n\n\n\n<p>A la espera de que se conozca m\u00e1s del origen de esta hepatitis, las principales medidas de prevenci\u00f3n que se recomiendan son similares a las adoptadas frente a la pandemia de COVID-19, como lavarse las manos con jab\u00f3n o gel hidroalcoh\u00f3lico, evitar multitudes y asegurar una buena ventilaci\u00f3n de espacios interiores.<\/p>\n\n\n\n<p>Asimismo se sugiere el uso de cubrebocas y el consumo de agua potable, adem\u00e1s de medidas de higiene durante la preparaci\u00f3n de los elementos: separar los alimentos crudos de los cocidos, mantener la comida a temperatura segura, usar agua potable y limpiar regularmente las superficies.<\/p>\n","protected":false},"excerpt":{"rendered":"<p>jueves, 8 de diciembre de 2022 La Ciudad de M\u00e9xico l\u00eddera el n\u00famero de casos&#8230;<\/p>\n","protected":false},"author":3,"featured_media":53780,"comment_status":"closed","ping_status":"closed","sticky":false,"template":"","format":"standard","meta":{"footnotes":""},"categories":[4],"tags":[],"class_list":["post-53779","post","type-post","status-publish","format-standard","has-post-thumbnail","hentry","category-noticias-del-dia"],"_links":{"self":[{"href":"https:\/\/bambapolitica.com.mx\/index.php\/wp-json\/wp\/v2\/posts\/53779","targetHints":{"allow":["GET"]}}],"collection":[{"href":"https:\/\/bambapolitica.com.mx\/index.php\/wp-json\/wp\/v2\/posts"}],"about":[{"href":"https:\/\/bambapolitica.com.mx\/index.php\/wp-json\/wp\/v2\/types\/post"}],"author":[{"embeddable":true,"href":"https:\/\/bambapolitica.com.mx\/index.php\/wp-json\/wp\/v2\/users\/3"}],"replies":[{"embeddable":true,"href":"https:\/\/bambapolitica.com.mx\/index.php\/wp-json\/wp\/v2\/comments?post=53779"}],"version-history":[{"count":1,"href":"https:\/\/bambapolitica.com.mx\/index.php\/wp-json\/wp\/v2\/posts\/53779\/revisions"}],"predecessor-version":[{"id":53781,"href":"https:\/\/bambapolitica.com.mx\/index.php\/wp-json\/wp\/v2\/posts\/53779\/revisions\/53781"}],"wp:featuredmedia":[{"embeddable":true,"href":"https:\/\/bambapolitica.com.mx\/index.php\/wp-json\/wp\/v2\/media\/53780"}],"wp:attachment":[{"href":"https:\/\/bambapolitica.com.mx\/index.php\/wp-json\/wp\/v2\/media?parent=53779"}],"wp:term":[{"taxonomy":"category","embeddable":true,"href":"https:\/\/bambapolitica.com.mx\/index.php\/wp-json\/wp\/v2\/categories?post=53779"},{"taxonomy":"post_tag","embeddable":true,"href":"https:\/\/bambapolitica.com.mx\/index.php\/wp-json\/wp\/v2\/tags?post=53779"}],"curies":[{"name":"wp","href":"https:\/\/api.w.org\/{rel}","templated":true}]}}