{"id":53890,"date":"2022-12-10T09:29:00","date_gmt":"2022-12-10T15:29:00","guid":{"rendered":"http:\/\/bambapolitica.com.mx\/?p=53890"},"modified":"2022-12-09T09:30:02","modified_gmt":"2022-12-09T15:30:02","slug":"federacion-revisara-ley-de-amnistia-para-acelerar-liberaciones","status":"publish","type":"post","link":"https:\/\/bambapolitica.com.mx\/index.php\/2022\/12\/10\/federacion-revisara-ley-de-amnistia-para-acelerar-liberaciones\/","title":{"rendered":"Federaci\u00f3n revisar\u00e1 Ley de Amnist\u00eda para acelerar liberaciones"},"content":{"rendered":"\n<p>s\u00e1bado 10 de Diciembre de 2022<\/p>\n\n\n\n<p>L\u00f3pez Obrador celebr\u00f3 la decisi\u00f3n de la Suprema Corte de liberar a tres hombres originarios de Tabasco que fueron protagonistas del documental &#8220;Duda Razonable&#8221;.<br>El presidente de M\u00e9xico, Andr\u00e9s Manuel L\u00f3pez Obrador anunci\u00f3 que su gobierno revisar\u00e1 la Ley de Amnist\u00eda para modificarla y que las liberaciones de los presos beneficados puedan ser m\u00e1s r\u00e1pidas.<\/p>\n\n\n\n<p>En la conferencia ma\u00f1anera de Palacio Nacional, L\u00f3pez Obrador celebr\u00f3 la decisi\u00f3n de la Suprema Corte de liberar a tres hombres originarios de Tabasco que fueron protagonistas del documental &#8220;Duda Razonable&#8221;.<br>&#8220;Estamos incluso por revisar la ley de amnist\u00eda con el prop\u00f3sito de que se pueda resolver sin tanta tardanza y celebro lo de ayer, fue una muy buena decisi\u00f3n del poder judicial en especial en la Suprema Corte, hubo unanimidad de los ministros, fue un hecho de justicia muy importante y como dices, no debe de estar de por medio un documental&#8221;, dijo.<\/p>\n\n\n\n<p>Adem\u00e1s, mencion\u00f3 que ha estado pendiente del caso de Israel Vallarta, presunto integrante de la banda de secuestradores Los Zodiaco.<\/p>\n\n\n\n<p>&#8220;El pr\u00f3ximo informe le vamos a pedir a Rosa Icela que informe, estuvimos pendientes de la audiencia donde se iba a resolver lo de Vallarta y no se le dio la libertad, ni el juez ni la fiscal\u00eda y vamos a seguir nosotros insistiendo&#8221;, agreg\u00f3.<\/p>\n\n\n\n<p>El presidente acept\u00f3 que no deber\u00eda estar de por medio un documental para que se libere a las personas.<\/p>\n\n\n\n<p>&#8220;Lo estamos atendiendo de manera especial pero hay muchas resistencias al interior todav\u00eda del poder judicial y todo lo que tiene que ver con la procuraci\u00f3n de justicia, vamos a seguir&#8221;, agreg\u00f3.<\/p>\n\n\n\n<p>Hasta el 21 de noviembre de este a\u00f1o, el gobierno ha logrado 3 mil 458 preliberaciones y 190 amnist\u00edas, es decir, salieron de la c\u00e1rcel 3 mil 648 personas.<\/p>\n","protected":false},"excerpt":{"rendered":"<p>s\u00e1bado 10 de Diciembre de 2022 L\u00f3pez Obrador celebr\u00f3 la decisi\u00f3n de la Suprema Corte&#8230;<\/p>\n","protected":false},"author":3,"featured_media":53891,"comment_status":"closed","ping_status":"closed","sticky":false,"template":"","format":"standard","meta":{"footnotes":""},"categories":[4],"tags":[],"class_list":["post-53890","post","type-post","status-publish","format-standard","has-post-thumbnail","hentry","category-noticias-del-dia"],"_links":{"self":[{"href":"https:\/\/bambapolitica.com.mx\/index.php\/wp-json\/wp\/v2\/posts\/53890","targetHints":{"allow":["GET"]}}],"collection":[{"href":"https:\/\/bambapolitica.com.mx\/index.php\/wp-json\/wp\/v2\/posts"}],"about":[{"href":"https:\/\/bambapolitica.com.mx\/index.php\/wp-json\/wp\/v2\/types\/post"}],"author":[{"embeddable":true,"href":"https:\/\/bambapolitica.com.mx\/index.php\/wp-json\/wp\/v2\/users\/3"}],"replies":[{"embeddable":true,"href":"https:\/\/bambapolitica.com.mx\/index.php\/wp-json\/wp\/v2\/comments?post=53890"}],"version-history":[{"count":1,"href":"https:\/\/bambapolitica.com.mx\/index.php\/wp-json\/wp\/v2\/posts\/53890\/revisions"}],"predecessor-version":[{"id":53892,"href":"https:\/\/bambapolitica.com.mx\/index.php\/wp-json\/wp\/v2\/posts\/53890\/revisions\/53892"}],"wp:featuredmedia":[{"embeddable":true,"href":"https:\/\/bambapolitica.com.mx\/index.php\/wp-json\/wp\/v2\/media\/53891"}],"wp:attachment":[{"href":"https:\/\/bambapolitica.com.mx\/index.php\/wp-json\/wp\/v2\/media?parent=53890"}],"wp:term":[{"taxonomy":"category","embeddable":true,"href":"https:\/\/bambapolitica.com.mx\/index.php\/wp-json\/wp\/v2\/categories?post=53890"},{"taxonomy":"post_tag","embeddable":true,"href":"https:\/\/bambapolitica.com.mx\/index.php\/wp-json\/wp\/v2\/tags?post=53890"}],"curies":[{"name":"wp","href":"https:\/\/api.w.org\/{rel}","templated":true}]}}