{"id":53912,"date":"2022-12-09T10:06:55","date_gmt":"2022-12-09T16:06:55","guid":{"rendered":"http:\/\/bambapolitica.com.mx\/?p=53912"},"modified":"2022-12-09T10:06:58","modified_gmt":"2022-12-09T16:06:58","slug":"condenan-a-80-anos-de-prision-a-el-mirra-lider-de-banda-criminal-que-operaba-en-edomex","status":"publish","type":"post","link":"https:\/\/bambapolitica.com.mx\/index.php\/2022\/12\/09\/condenan-a-80-anos-de-prision-a-el-mirra-lider-de-banda-criminal-que-operaba-en-edomex\/","title":{"rendered":"Condenan a 80 a\u00f1os de prisi\u00f3n a \u201cEl Mirra\u201d, l\u00edder de banda criminal que operaba en Edomex"},"content":{"rendered":"\n<p>viernes, 9 de diciembre de 2022<\/p>\n\n\n\n<p>Mizraim Ballesteros figuraba en la lista de los objetivos prioritarios buscados por autoridades estatales y federales.<\/p>\n\n\n\n<p><br>Mizraim Ballesteros Nava, alias \u201cEl Mirra\u201d, fue sentenciado a 80 a\u00f1os de prisi\u00f3n en el delito de secuestro con la agravante de causar la muerte de la v\u00edctima, en el municipio de a Nicol\u00e1s Romero. Los hechos ocurrieron el 8 de diciembre de 2018, cuando el ahora sentenciado y otros individuos habr\u00edan interceptado a una persona en la avenida seis de diciembre, en la colonia Centro, luego la sometieron y por la fuerza la subieron a un veh\u00edculo. Durante el cautiverio, los implicados golpearon a esta persona, ocasion\u00e1ndole la muerte y abandonaron el cuerpo en calles de la colonia El Tr\u00e1fico, donde fue hallado el nueve de diciembre de ese a\u00f1o. L\u00edder de una banda delictiva De acuerdo con investigaciones de la Fiscal\u00eda General de Justicia del Estado de M\u00e9xico, Mizraim Ballesteros Nava, encabezaba un grupo delictivo dedicado a la venta de droga en varios puntos de los municipios de Atizap\u00e1n de Zaragoza y Nicol\u00e1s Romero, dicha organizaci\u00f3n criminal al parecer perpetr\u00f3 varios homicidios en esa regi\u00f3n de la entidad mexiquense. \u201cEl Mirra\u201d figuraba en la lista de los objetivos prioritarios buscados por autoridades estatales y federales, y se ofrec\u00eda una recompensa de hasta 300 mil pesos a quien o quienes aportaran datos para su ubicaci\u00f3n. Ballesteros Nava fue detenido en junio del a\u00f1o pasado en el municipio de Zumpango y posteriormente fue ingresado al Centro Penitenciario y de Reinserci\u00f3n Social de Tlalnepantla, en cumplimiento a orden de aprehensi\u00f3n que exist\u00eda en su contra por el delito de homicidio.<\/p>\n","protected":false},"excerpt":{"rendered":"<p>viernes, 9 de diciembre de 2022 Mizraim Ballesteros figuraba en la lista de los objetivos&#8230;<\/p>\n","protected":false},"author":3,"featured_media":53913,"comment_status":"closed","ping_status":"closed","sticky":false,"template":"","format":"standard","meta":{"footnotes":""},"categories":[2],"tags":[],"class_list":["post-53912","post","type-post","status-publish","format-standard","has-post-thumbnail","hentry","category-policiaca"],"_links":{"self":[{"href":"https:\/\/bambapolitica.com.mx\/index.php\/wp-json\/wp\/v2\/posts\/53912","targetHints":{"allow":["GET"]}}],"collection":[{"href":"https:\/\/bambapolitica.com.mx\/index.php\/wp-json\/wp\/v2\/posts"}],"about":[{"href":"https:\/\/bambapolitica.com.mx\/index.php\/wp-json\/wp\/v2\/types\/post"}],"author":[{"embeddable":true,"href":"https:\/\/bambapolitica.com.mx\/index.php\/wp-json\/wp\/v2\/users\/3"}],"replies":[{"embeddable":true,"href":"https:\/\/bambapolitica.com.mx\/index.php\/wp-json\/wp\/v2\/comments?post=53912"}],"version-history":[{"count":1,"href":"https:\/\/bambapolitica.com.mx\/index.php\/wp-json\/wp\/v2\/posts\/53912\/revisions"}],"predecessor-version":[{"id":53914,"href":"https:\/\/bambapolitica.com.mx\/index.php\/wp-json\/wp\/v2\/posts\/53912\/revisions\/53914"}],"wp:featuredmedia":[{"embeddable":true,"href":"https:\/\/bambapolitica.com.mx\/index.php\/wp-json\/wp\/v2\/media\/53913"}],"wp:attachment":[{"href":"https:\/\/bambapolitica.com.mx\/index.php\/wp-json\/wp\/v2\/media?parent=53912"}],"wp:term":[{"taxonomy":"category","embeddable":true,"href":"https:\/\/bambapolitica.com.mx\/index.php\/wp-json\/wp\/v2\/categories?post=53912"},{"taxonomy":"post_tag","embeddable":true,"href":"https:\/\/bambapolitica.com.mx\/index.php\/wp-json\/wp\/v2\/tags?post=53912"}],"curies":[{"name":"wp","href":"https:\/\/api.w.org\/{rel}","templated":true}]}}