{"id":53927,"date":"2022-12-13T07:45:17","date_gmt":"2022-12-13T13:45:17","guid":{"rendered":"http:\/\/bambapolitica.com.mx\/?p=53927"},"modified":"2022-12-13T07:45:19","modified_gmt":"2022-12-13T13:45:19","slug":"manuel-espino-nuevo-director-general-de-conalep","status":"publish","type":"post","link":"https:\/\/bambapolitica.com.mx\/index.php\/2022\/12\/13\/manuel-espino-nuevo-director-general-de-conalep\/","title":{"rendered":"Manuel Espino, nuevo director general de Conalep"},"content":{"rendered":"\n<p>martes, 13 de diciembre de 2022<\/p>\n\n\n\n<p>Manuel Espino asegur\u00f3 que desde Conalep impulsar\u00e1 la visi\u00f3n de la educaci\u00f3n como un derecho y no un privilegio<br>Este lunes la Secretar\u00eda de Educaci\u00f3n P\u00fablica design\u00f3 a Manuel Espino como director general del Colegio Nacional de Educaci\u00f3n Profesional T\u00e9cnica (Conalep).<\/p>\n\n\n\n<p>La titular de la SEP, Leticia Ram\u00edrez Amaya, solicit\u00f3 a Espino atender los efectos de la pandemia en los j\u00f3venes que cursan la educaci\u00f3n media superior.<br>El exl\u00edder nacional del PAN asegur\u00f3 que desde Conalep impulsar\u00e1 la visi\u00f3n de la educaci\u00f3n como un derecho y no un privilegio.<\/p>\n\n\n\n<p>Manuel Espino es licenciado en Administraci\u00f3n de Empresas y durante la actual administraci\u00f3n se desempe\u00f1\u00f3 como comisionado del Servicio de Protecci\u00f3n Federal de la Secretar\u00eda de Seguridad y Protecci\u00f3n Ciudadana (SSPC).<\/p>\n\n\n\n<p>A finales de octubre, Espino Barrientos desat\u00f3 pol\u00e9mica porque revel\u00f3 que propuso a Ad\u00e1n Augusto L\u00f3pez, secretario de Gobernaci\u00f3n, que el Gobierno federal dialogue con los grupos criminales para lograr la pacificaci\u00f3n del pa\u00eds.<\/p>\n\n\n\n<p>En el Foro Internacional \u201cSeguridad y Justicia por un M\u00e9xico mejor\u201d, en el Senado, el exl\u00edder del PAN cont\u00f3 que la propuesta lleg\u00f3 a varios l\u00edderes criminales, \u201cy solamente recib\u00ed respuesta de dos: \u2018Si esto se hace en M\u00e9xico le entramos\u2019. Estamos en esa tarea, no quiero abundar m\u00e1s porque luego me pueden acusar de indiscreto\u201c.<\/p>\n\n\n\n<p>Lo que quiero decir es que esas cosas dan resultados, me consta que dan resultados, lo vi en Ciudad Ju\u00e1rez, lo vi en El Salvador, lo vi en Colombia, Rep\u00fablica Dominicana\u201d, manifest\u00f3.<\/p>\n","protected":false},"excerpt":{"rendered":"<p>martes, 13 de diciembre de 2022 Manuel Espino asegur\u00f3 que desde Conalep impulsar\u00e1 la visi\u00f3n&#8230;<\/p>\n","protected":false},"author":3,"featured_media":53928,"comment_status":"closed","ping_status":"closed","sticky":false,"template":"","format":"standard","meta":{"footnotes":""},"categories":[4],"tags":[],"class_list":["post-53927","post","type-post","status-publish","format-standard","has-post-thumbnail","hentry","category-noticias-del-dia"],"_links":{"self":[{"href":"https:\/\/bambapolitica.com.mx\/index.php\/wp-json\/wp\/v2\/posts\/53927","targetHints":{"allow":["GET"]}}],"collection":[{"href":"https:\/\/bambapolitica.com.mx\/index.php\/wp-json\/wp\/v2\/posts"}],"about":[{"href":"https:\/\/bambapolitica.com.mx\/index.php\/wp-json\/wp\/v2\/types\/post"}],"author":[{"embeddable":true,"href":"https:\/\/bambapolitica.com.mx\/index.php\/wp-json\/wp\/v2\/users\/3"}],"replies":[{"embeddable":true,"href":"https:\/\/bambapolitica.com.mx\/index.php\/wp-json\/wp\/v2\/comments?post=53927"}],"version-history":[{"count":1,"href":"https:\/\/bambapolitica.com.mx\/index.php\/wp-json\/wp\/v2\/posts\/53927\/revisions"}],"predecessor-version":[{"id":53929,"href":"https:\/\/bambapolitica.com.mx\/index.php\/wp-json\/wp\/v2\/posts\/53927\/revisions\/53929"}],"wp:featuredmedia":[{"embeddable":true,"href":"https:\/\/bambapolitica.com.mx\/index.php\/wp-json\/wp\/v2\/media\/53928"}],"wp:attachment":[{"href":"https:\/\/bambapolitica.com.mx\/index.php\/wp-json\/wp\/v2\/media?parent=53927"}],"wp:term":[{"taxonomy":"category","embeddable":true,"href":"https:\/\/bambapolitica.com.mx\/index.php\/wp-json\/wp\/v2\/categories?post=53927"},{"taxonomy":"post_tag","embeddable":true,"href":"https:\/\/bambapolitica.com.mx\/index.php\/wp-json\/wp\/v2\/tags?post=53927"}],"curies":[{"name":"wp","href":"https:\/\/api.w.org\/{rel}","templated":true}]}}