{"id":53939,"date":"2022-12-13T08:09:38","date_gmt":"2022-12-13T14:09:38","guid":{"rendered":"http:\/\/bambapolitica.com.mx\/?p=53939"},"modified":"2022-12-13T08:09:40","modified_gmt":"2022-12-13T14:09:40","slug":"la-adolescente-tenia-ocho-meses-de-embarazo-ella-y-su-bebe-se-reportan-fuera-de-peligro","status":"publish","type":"post","link":"https:\/\/bambapolitica.com.mx\/index.php\/2022\/12\/13\/la-adolescente-tenia-ocho-meses-de-embarazo-ella-y-su-bebe-se-reportan-fuera-de-peligro\/","title":{"rendered":"La adolescente ten\u00eda ocho meses de embarazo. Ella y su beb\u00e9 se reportan fuera de peligro."},"content":{"rendered":"\n<p>martes, 13 de diciembre de 2022<\/p>\n\n\n\n<p>Una adolescente de 15 a\u00f1os dio a luz en los asientos traseros de un veh\u00edculo particular en Boca del R\u00edo, Veracruz.<\/p>\n\n\n\n<p>De acuerdo con el reporte m\u00e9dico, el pasado 9 de diciembre, la joven oriunda de Piedras Negras, Tlalixcoyan; comenz\u00f3 a sufrir contracciones por lo que se traslad\u00f3 al Hospital General de Boca del R\u00edo.<\/p>\n\n\n\n<p>La menor de edad con ocho meses de embarazo lleg\u00f3 al recinto m\u00e9dico, pero denunci\u00f3 que el personal del hospital que pertenece a la Secretar\u00eda de Salud (Ssa) no la atendi\u00f3.<br>Ella y su familia se movilizaron hacia un m\u00f3dulo de Cruz Roja, pero ya no estaba en servicio, por lo que pidieron apoyo en una comandancia de la Polic\u00eda Municipal.<\/p>\n\n\n\n<p>Cuando la adolescente era llevada a otro hospital, tuvo que entrar en labor de parto debido a que su embarazo era de alto riesgo. En ese momento, elementos de Protecci\u00f3n Civil municipal y bomberos, la auxiliaron para que diera a luz en los asientos traseros de un auto particular.<br>La labor de parto fue m\u00e1s complicada, ya que la beb\u00e9 ven\u00eda con los pies por delante y no de cabeza. Una vez que la madre fue reportada como estable, fue llevada en ambulancia hasta el Hospital Infantil en Veracruz en donde se reporta como fuera de peligro, al igual que su hija.<\/p>\n\n\n\n<p>Seg\u00fan los especialistas, el octavo mes de embarazo comprende de la semana 29 a la 32. En ese trascurso, el crecimiento del feto es bastante considerable, ya que alcanz\u00f3 la mitad del peso que tendr\u00e1 cuando nazca, as\u00ed como la posici\u00f3n que tendr\u00e1 durante el parto. Por ello, es importante que las mujeres que est\u00e1n en esa etapa de embarazo deben estar atentas a posibles s\u00edntomas que puedan suponer una amenaza de parto prematuro, lo cual, podr\u00eda poner en riesgo al beb\u00e9 y la madre.<\/p>\n","protected":false},"excerpt":{"rendered":"<p>martes, 13 de diciembre de 2022 Una adolescente de 15 a\u00f1os dio a luz en&#8230;<\/p>\n","protected":false},"author":3,"featured_media":53940,"comment_status":"closed","ping_status":"closed","sticky":false,"template":"","format":"standard","meta":{"footnotes":""},"categories":[4],"tags":[],"class_list":["post-53939","post","type-post","status-publish","format-standard","has-post-thumbnail","hentry","category-noticias-del-dia"],"_links":{"self":[{"href":"https:\/\/bambapolitica.com.mx\/index.php\/wp-json\/wp\/v2\/posts\/53939","targetHints":{"allow":["GET"]}}],"collection":[{"href":"https:\/\/bambapolitica.com.mx\/index.php\/wp-json\/wp\/v2\/posts"}],"about":[{"href":"https:\/\/bambapolitica.com.mx\/index.php\/wp-json\/wp\/v2\/types\/post"}],"author":[{"embeddable":true,"href":"https:\/\/bambapolitica.com.mx\/index.php\/wp-json\/wp\/v2\/users\/3"}],"replies":[{"embeddable":true,"href":"https:\/\/bambapolitica.com.mx\/index.php\/wp-json\/wp\/v2\/comments?post=53939"}],"version-history":[{"count":1,"href":"https:\/\/bambapolitica.com.mx\/index.php\/wp-json\/wp\/v2\/posts\/53939\/revisions"}],"predecessor-version":[{"id":53941,"href":"https:\/\/bambapolitica.com.mx\/index.php\/wp-json\/wp\/v2\/posts\/53939\/revisions\/53941"}],"wp:featuredmedia":[{"embeddable":true,"href":"https:\/\/bambapolitica.com.mx\/index.php\/wp-json\/wp\/v2\/media\/53940"}],"wp:attachment":[{"href":"https:\/\/bambapolitica.com.mx\/index.php\/wp-json\/wp\/v2\/media?parent=53939"}],"wp:term":[{"taxonomy":"category","embeddable":true,"href":"https:\/\/bambapolitica.com.mx\/index.php\/wp-json\/wp\/v2\/categories?post=53939"},{"taxonomy":"post_tag","embeddable":true,"href":"https:\/\/bambapolitica.com.mx\/index.php\/wp-json\/wp\/v2\/tags?post=53939"}],"curies":[{"name":"wp","href":"https:\/\/api.w.org\/{rel}","templated":true}]}}