{"id":53945,"date":"2022-12-13T08:18:32","date_gmt":"2022-12-13T14:18:32","guid":{"rendered":"http:\/\/bambapolitica.com.mx\/?p=53945"},"modified":"2022-12-13T08:18:34","modified_gmt":"2022-12-13T14:18:34","slug":"trabajo-en-equipo-y-metas-claras-dan-mejores-resultados-alejandra-del-moral","status":"publish","type":"post","link":"https:\/\/bambapolitica.com.mx\/index.php\/2022\/12\/13\/trabajo-en-equipo-y-metas-claras-dan-mejores-resultados-alejandra-del-moral\/","title":{"rendered":"Trabajo en equipo y metas claras dan mejores resultados: Alejandra Del Moral"},"content":{"rendered":"\n<p>martes, 13 de diciembre de 2022<\/p>\n\n\n\n<p>La Coordinadora por la Defensa del Estado de M\u00e9xico del Partido Revolucionario Institucional (PRI), Alejandra Del Moral Vela, asisti\u00f3 a al Primer Informe de Gobierno de la Presidenta Municipal de Chiautla, Maricela Melo Rojas.<\/p>\n\n\n\n<p>La Coordinadora por la Defensa del Estado de M\u00e9xico del Partido Revolucionario Institucional (PRI), Alejandra Del Moral Vela, sostuvo que cuando hay trabajo en equipo y una meta clara se obtienen mejores resultados y eso se reflejar\u00e1 en 2023.<\/p>\n\n\n\n<p>Al asistir al Primer Informe de Gobierno de la Presidenta Municipal de Chiautla, Maricela Melo Rojas, destac\u00f3 que la militancia priista ha trabajado siempre en equipo, con rumbo claro y ahora marcha firme en unidad al 2023.<\/p>\n\n\n\n<p>\u201cTu #PRImerInforme demuestra determinaci\u00f3n y vocaci\u00f3n de las mujeres por proteger a las familias de #Chiautla. \u00a1Felicidades, Maricela Melo! Sigamos unidas y fuertes, porque cuando hay trabajo en equipo y una meta clara damos mejores resultados. #VamosConTodo\u201d, escribi\u00f3 Del Moral Vela en sus redes sociales.<\/p>\n\n\n\n<p>La Alcaldesa inform\u00f3 sobre los logros y avances de la administraci\u00f3n p\u00fablica municipal, en rubros como desarrollo social, infraestructura hidr\u00e1ulica, desarrollo econ\u00f3mico, as\u00ed como las acciones realizadas a favor de la ni\u00f1ez y los adultos mayores.<\/p>\n\n\n\n<p>Estuvieron presentes en el informe la Diputada local, Cristina S\u00e1nchez Coronel y los presidentes municipales de Otumba, Hilari\u00f3n Coronel Lemus; de Tepetlaoxtoc, Ismael Olivares V\u00e1zquez, y de San Mart\u00edn de las Pir\u00e1mides, Edgar Mart\u00ednez Barrag\u00e1n.<\/p>\n\n\n\n<p>Tambi\u00e9n Dar\u00edo Zacar\u00edas Capuchino y Alejandro Fern\u00e1ndez Campillo, Secretario T\u00e9cnico del Consejo Pol\u00edtico Estatal y Secretario de Operaci\u00f3n Pol\u00edtica del PRI, respectivamente.<\/p>\n","protected":false},"excerpt":{"rendered":"<p>martes, 13 de diciembre de 2022 La Coordinadora por la Defensa del Estado de M\u00e9xico&#8230;<\/p>\n","protected":false},"author":3,"featured_media":53946,"comment_status":"closed","ping_status":"closed","sticky":false,"template":"","format":"standard","meta":{"footnotes":""},"categories":[4],"tags":[],"class_list":["post-53945","post","type-post","status-publish","format-standard","has-post-thumbnail","hentry","category-noticias-del-dia"],"_links":{"self":[{"href":"https:\/\/bambapolitica.com.mx\/index.php\/wp-json\/wp\/v2\/posts\/53945","targetHints":{"allow":["GET"]}}],"collection":[{"href":"https:\/\/bambapolitica.com.mx\/index.php\/wp-json\/wp\/v2\/posts"}],"about":[{"href":"https:\/\/bambapolitica.com.mx\/index.php\/wp-json\/wp\/v2\/types\/post"}],"author":[{"embeddable":true,"href":"https:\/\/bambapolitica.com.mx\/index.php\/wp-json\/wp\/v2\/users\/3"}],"replies":[{"embeddable":true,"href":"https:\/\/bambapolitica.com.mx\/index.php\/wp-json\/wp\/v2\/comments?post=53945"}],"version-history":[{"count":1,"href":"https:\/\/bambapolitica.com.mx\/index.php\/wp-json\/wp\/v2\/posts\/53945\/revisions"}],"predecessor-version":[{"id":53947,"href":"https:\/\/bambapolitica.com.mx\/index.php\/wp-json\/wp\/v2\/posts\/53945\/revisions\/53947"}],"wp:featuredmedia":[{"embeddable":true,"href":"https:\/\/bambapolitica.com.mx\/index.php\/wp-json\/wp\/v2\/media\/53946"}],"wp:attachment":[{"href":"https:\/\/bambapolitica.com.mx\/index.php\/wp-json\/wp\/v2\/media?parent=53945"}],"wp:term":[{"taxonomy":"category","embeddable":true,"href":"https:\/\/bambapolitica.com.mx\/index.php\/wp-json\/wp\/v2\/categories?post=53945"},{"taxonomy":"post_tag","embeddable":true,"href":"https:\/\/bambapolitica.com.mx\/index.php\/wp-json\/wp\/v2\/tags?post=53945"}],"curies":[{"name":"wp","href":"https:\/\/api.w.org\/{rel}","templated":true}]}}