{"id":53951,"date":"2022-12-13T08:28:15","date_gmt":"2022-12-13T14:28:15","guid":{"rendered":"http:\/\/bambapolitica.com.mx\/?p=53951"},"modified":"2022-12-13T08:28:18","modified_gmt":"2022-12-13T14:28:18","slug":"salud-reporta-6-semanas-con-aumento-de-contagios-covid-19","status":"publish","type":"post","link":"https:\/\/bambapolitica.com.mx\/index.php\/2022\/12\/13\/salud-reporta-6-semanas-con-aumento-de-contagios-covid-19\/","title":{"rendered":"Salud reporta 6 semanas con aumento de contagios covid-19"},"content":{"rendered":"\n<p>martes, 13 de diciembre de 2022<\/p>\n\n\n\n<p>Hugo L\u00f3pez-Gatell explic\u00f3 que el aumento de contagios es lento a comparaci\u00f3n de las olas pasadas que afectaron al pa\u00eds.<br>El subsecretario de salud Hugo L\u00f3pez-Gatell inform\u00f3 que la pandemia de covid-19 suma seis semanas de aumento en los contagios por lo que recomend\u00f3 el uso de cubrebocas en espacios cerrados.<\/p>\n\n\n\n<p>Al mismo tiempo, alert\u00f3 del regreso en los contagios por influenza, los cuales disminuyeron dr\u00e1sticamente en los dos a\u00f1os anteriores por las medidas tomadas para enfrentar la pandemia de covid.<br>&#8220;Incremento que acumula seis semanas, lento comparado con la velocidad que ha crecido por ejemplo que en la cuarta o quinta ola y sin embargo siempre nos interes\u00f3 informar desde el inicio&#8221;, dijo.<\/p>\n\n\n\n<p>Explic\u00f3 que el aumento de contagios es lento a comparaci\u00f3n de las olas pasadas que afectaron al pa\u00eds.<\/p>\n\n\n\n<p>Adem\u00e1s, celebr\u00f3 que la velocidad de las hospitalizaciones no est\u00e1 incrementando a la par de los contagios pues en camas generales apenas hay una ocupaci\u00f3n de 4 por ciento, mientras que las que cuentan con ventilador se mantienen estables en 2 por ciento.<\/p>\n\n\n\n<p>&#8220;No quiere decir que as\u00ed se mantendr\u00e1, es probable que haya alg\u00fan incremento en algunas semanas, pero afortunadamente hay una importante separaci\u00f3n entre los contagios y la probabilidad de tener una enfermedad graveo incluso de fallecer&#8221;, agreg\u00f3.<\/p>\n\n\n\n<p>Como no hab\u00eda ocurrido, el subsecretario de salud llam\u00f3 a seguir una serie de recomendaciones para evitar los contagios de covid-19 e influenza, entre ellas el uso de cubrebocas sobre todo en espacios cerrados.<\/p>\n\n\n\n<p>Entre las recomendaciones est\u00e1n quedarse en casa si est\u00e1s enfermo para no contagiar, estornudo de etiqueta, lavarse las manos constantemente, limpiar superficies y usar cubrebocas.<\/p>\n\n\n\n<p>&#8220;No hay necesidad de debatir, es \u00fatil para los espacios p\u00fablicos cerrados, particularmente muy cerrados como el transporte, su utilidad se va perdiendo conforme se trate de un espacio m\u00e1s ventilado o al aire libre&#8221;, se\u00f1al\u00f3.<\/p>\n","protected":false},"excerpt":{"rendered":"<p>martes, 13 de diciembre de 2022 Hugo L\u00f3pez-Gatell explic\u00f3 que el aumento de contagios es&#8230;<\/p>\n","protected":false},"author":3,"featured_media":53952,"comment_status":"closed","ping_status":"closed","sticky":false,"template":"","format":"standard","meta":{"footnotes":""},"categories":[4],"tags":[],"class_list":["post-53951","post","type-post","status-publish","format-standard","has-post-thumbnail","hentry","category-noticias-del-dia"],"_links":{"self":[{"href":"https:\/\/bambapolitica.com.mx\/index.php\/wp-json\/wp\/v2\/posts\/53951","targetHints":{"allow":["GET"]}}],"collection":[{"href":"https:\/\/bambapolitica.com.mx\/index.php\/wp-json\/wp\/v2\/posts"}],"about":[{"href":"https:\/\/bambapolitica.com.mx\/index.php\/wp-json\/wp\/v2\/types\/post"}],"author":[{"embeddable":true,"href":"https:\/\/bambapolitica.com.mx\/index.php\/wp-json\/wp\/v2\/users\/3"}],"replies":[{"embeddable":true,"href":"https:\/\/bambapolitica.com.mx\/index.php\/wp-json\/wp\/v2\/comments?post=53951"}],"version-history":[{"count":1,"href":"https:\/\/bambapolitica.com.mx\/index.php\/wp-json\/wp\/v2\/posts\/53951\/revisions"}],"predecessor-version":[{"id":53953,"href":"https:\/\/bambapolitica.com.mx\/index.php\/wp-json\/wp\/v2\/posts\/53951\/revisions\/53953"}],"wp:featuredmedia":[{"embeddable":true,"href":"https:\/\/bambapolitica.com.mx\/index.php\/wp-json\/wp\/v2\/media\/53952"}],"wp:attachment":[{"href":"https:\/\/bambapolitica.com.mx\/index.php\/wp-json\/wp\/v2\/media?parent=53951"}],"wp:term":[{"taxonomy":"category","embeddable":true,"href":"https:\/\/bambapolitica.com.mx\/index.php\/wp-json\/wp\/v2\/categories?post=53951"},{"taxonomy":"post_tag","embeddable":true,"href":"https:\/\/bambapolitica.com.mx\/index.php\/wp-json\/wp\/v2\/tags?post=53951"}],"curies":[{"name":"wp","href":"https:\/\/api.w.org\/{rel}","templated":true}]}}