{"id":53966,"date":"2022-12-13T08:50:42","date_gmt":"2022-12-13T14:50:42","guid":{"rendered":"http:\/\/bambapolitica.com.mx\/?p=53966"},"modified":"2022-12-14T09:19:35","modified_gmt":"2022-12-14T15:19:35","slug":"giovanna-lara-ex-directora-de-bandamax-fue-encontrada-muerta-en-su-departamento","status":"publish","type":"post","link":"https:\/\/bambapolitica.com.mx\/index.php\/2022\/12\/13\/giovanna-lara-ex-directora-de-bandamax-fue-encontrada-muerta-en-su-departamento\/","title":{"rendered":"Tras hechos violentos hay 3 muertos y un herido en Acapulco, Guerrero"},"content":{"rendered":"\n<p>mi\u00e9rcoles 14 de diciembre de 2022<\/p>\n\n\n\n<p>En menos de dos horas se registraron al menos dos hechos violentos; autoridades encontraron una cabeza humana en una hielera.<\/p>\n\n\n\n<p><br>En menos de dos horas, en dos playas de Acapulco, se registraron hechos violentos que dejaron al menos tres personas muertas y una m\u00e1s que result\u00f3 herida, adem\u00e1s, las autoridades localizaron una cabeza humana que dejaron dentro de una hielera.<\/p>\n\n\n\n<p>En plena franja tur\u00edstica, entre las playas de Caleta y Caletilla, en el fraccionamiento Las Playas, dejaron bajo una hielera un mensaje en una cartulina y dentro de ella una cabeza humana.<br>Debajo de la hielera hab\u00eda una cartulina con un mensaje del cual no se dio informaci\u00f3n sobre lo que ah\u00ed se escribi\u00f3, y qued\u00f3 resguardada por la Polic\u00eda Ministerial.<\/p>\n\n\n\n<p>El segundo caso se registr\u00f3 en la playa Papagayo donde un hombre fue baleado.; la v\u00edctima lleg\u00f3 hasta el Asta Bandera y se identific\u00f3 como Santiago D\u00edaz, quien present\u00f3 herida por disparos de arma de fuego y pidi\u00f3 a un elemento de la Guardia Nacional que lo ayudara porque lo hab\u00edan herido. Debido a sus condicines, el hombre fue atendido por el personal de Bomberos.<br>Estos hechos ocurrieron en menos de dos horas y se reportaron al n\u00famero de emergencias 911. Al lugar llegaron autoridades de la Guardia Nacional, del Ej\u00e9rcito Mexicano, de la Polic\u00eda Tur\u00edstica y agentes ministeriales, en la zona del Acapulco Tradicional en donde acordonaron la zona e impidieron el paso de veh\u00edculos en la zona tur\u00edstica.<\/p>\n\n\n\n<p>Los dos casos se registraron entre las playas Caleta y Caletilla del fraccionamiento Las Playas en el puerto de Acapulco, Guerrero.<\/p>\n","protected":false},"excerpt":{"rendered":"<p>mi\u00e9rcoles 14 de diciembre de 2022 En menos de dos horas se registraron al menos&#8230;<\/p>\n","protected":false},"author":3,"featured_media":54023,"comment_status":"closed","ping_status":"closed","sticky":false,"template":"","format":"standard","meta":{"footnotes":""},"categories":[2],"tags":[],"class_list":["post-53966","post","type-post","status-publish","format-standard","has-post-thumbnail","hentry","category-policiaca"],"_links":{"self":[{"href":"https:\/\/bambapolitica.com.mx\/index.php\/wp-json\/wp\/v2\/posts\/53966","targetHints":{"allow":["GET"]}}],"collection":[{"href":"https:\/\/bambapolitica.com.mx\/index.php\/wp-json\/wp\/v2\/posts"}],"about":[{"href":"https:\/\/bambapolitica.com.mx\/index.php\/wp-json\/wp\/v2\/types\/post"}],"author":[{"embeddable":true,"href":"https:\/\/bambapolitica.com.mx\/index.php\/wp-json\/wp\/v2\/users\/3"}],"replies":[{"embeddable":true,"href":"https:\/\/bambapolitica.com.mx\/index.php\/wp-json\/wp\/v2\/comments?post=53966"}],"version-history":[{"count":3,"href":"https:\/\/bambapolitica.com.mx\/index.php\/wp-json\/wp\/v2\/posts\/53966\/revisions"}],"predecessor-version":[{"id":54024,"href":"https:\/\/bambapolitica.com.mx\/index.php\/wp-json\/wp\/v2\/posts\/53966\/revisions\/54024"}],"wp:featuredmedia":[{"embeddable":true,"href":"https:\/\/bambapolitica.com.mx\/index.php\/wp-json\/wp\/v2\/media\/54023"}],"wp:attachment":[{"href":"https:\/\/bambapolitica.com.mx\/index.php\/wp-json\/wp\/v2\/media?parent=53966"}],"wp:term":[{"taxonomy":"category","embeddable":true,"href":"https:\/\/bambapolitica.com.mx\/index.php\/wp-json\/wp\/v2\/categories?post=53966"},{"taxonomy":"post_tag","embeddable":true,"href":"https:\/\/bambapolitica.com.mx\/index.php\/wp-json\/wp\/v2\/tags?post=53966"}],"curies":[{"name":"wp","href":"https:\/\/api.w.org\/{rel}","templated":true}]}}