{"id":53973,"date":"2022-12-13T09:02:57","date_gmt":"2022-12-13T15:02:57","guid":{"rendered":"http:\/\/bambapolitica.com.mx\/?p=53973"},"modified":"2022-12-13T09:03:00","modified_gmt":"2022-12-13T15:03:00","slug":"en-el-dia-de-la-virgen-obispos-piden-a-ee-uu-trato-humano-a-migrantes","status":"publish","type":"post","link":"https:\/\/bambapolitica.com.mx\/index.php\/2022\/12\/13\/en-el-dia-de-la-virgen-obispos-piden-a-ee-uu-trato-humano-a-migrantes\/","title":{"rendered":"En el D\u00eda de la Virgen obispos piden a EE.UU. trato humano a migrantes"},"content":{"rendered":"\n<p>martes, 13 de diciembre de 2022<\/p>\n\n\n\n<p>Obispos hicieron un llamado al Gobierno de Estados Unidos a brindar un trato humano a los migrantes que llegan desde M\u00e9xico<br>Los obispos cat\u00f3licos de Estados Unidos reafirmaron \u201cel derecho natural a migrar\u201d e hicieron un llamado al Gobierno federal a brindar un trato humano a los migrantes que llegan desde M\u00e9xico, en un mensaje difundido con motivo del D\u00eda de la Virgen de Guadalupe.<\/p>\n\n\n\n<p>\u201cCuando hablamos de migraci\u00f3n, nos referimos fundamentalmente al movimiento de personas humanas creadas a imagen y semejanza de Dios\u201d, dijo en una declaraci\u00f3n el obispo de El Paso (Texas), Mark J. Seitz, presidente del Comit\u00e9 de Migraci\u00f3n de la Conferencia de Obispos Cat\u00f3licos de Estados Unidos.<\/p>\n\n\n\n<p>Desafortunadamente, agreg\u00f3 Seitz, \u201cesta verdad se ve a menudo oscurecida por la ret\u00f3rica pol\u00edtica, la provocaci\u00f3n deliberada de miedo y la exageraci\u00f3n\u201d.<br>\u201cLos obispos de Estados Unidos contin\u00faan afirmando el derecho natural a migrar, balanceado con el derecho soberano de los pa\u00edses a proteger sus fronteras, as\u00ed como con sus obligaciones de ofrecer procesos humanos a los reci\u00e9n llegados\u201d, indic\u00f3.<\/p>\n\n\n\n<p>Sostuvo que, de acuerdo con los obispos estadounidenses, \u201cel tiempo, los recursos y la voluntad pol\u00edtica se utilizar\u00edan de mejor forma haciendo mejoras estructurales a nuestro descompuesto sistema de inmigraci\u00f3n\u201d.<\/p>\n\n\n\n<p>\u201cEn un momento en que atestiguamos la llegada de n\u00fameros cada vez mayores de familias e individuos a nuestra frontera con M\u00e9xico, hacemos un llamado a las autoridades federales a establecer la infraestructura cr\u00edtica necesaria para satisfacer sus necesidades humanitarias\u201d, expuso.<\/p>\n\n\n\n<p>A\u00f1adi\u00f3 que \u201cespecialmente en esta temporada de Adviento, estos reci\u00e9n llegados son se\u00f1ales visibles de Cristo entre nosotros\u201d, por lo que llam\u00f3 a hacer frente a su arribo \u201cno con pol\u00edticas de exclusi\u00f3n e indiferencia sino con un esp\u00edritu de compasi\u00f3n y generosidad\u201d.<\/p>\n\n\n\n<p>Seitz expres\u00f3 el apoyo y la cooperaci\u00f3n de los obispos para enfrentar estos retos, a la vez que invit\u00f3 \u201ca los fieles cat\u00f3licos y a todas las personas de fe a rezar para que, a trav\u00e9s de la intercesi\u00f3n de Nuestra Se\u00f1ora de Guadalupe, podamos dar consuelo a aquellos forzados a dejar sus hogares\u201d.<\/p>\n","protected":false},"excerpt":{"rendered":"<p>martes, 13 de diciembre de 2022 Obispos hicieron un llamado al Gobierno de Estados Unidos&#8230;<\/p>\n","protected":false},"author":3,"featured_media":53974,"comment_status":"closed","ping_status":"closed","sticky":false,"template":"","format":"standard","meta":{"footnotes":""},"categories":[5],"tags":[],"class_list":["post-53973","post","type-post","status-publish","format-standard","has-post-thumbnail","hentry","category-internacional"],"_links":{"self":[{"href":"https:\/\/bambapolitica.com.mx\/index.php\/wp-json\/wp\/v2\/posts\/53973","targetHints":{"allow":["GET"]}}],"collection":[{"href":"https:\/\/bambapolitica.com.mx\/index.php\/wp-json\/wp\/v2\/posts"}],"about":[{"href":"https:\/\/bambapolitica.com.mx\/index.php\/wp-json\/wp\/v2\/types\/post"}],"author":[{"embeddable":true,"href":"https:\/\/bambapolitica.com.mx\/index.php\/wp-json\/wp\/v2\/users\/3"}],"replies":[{"embeddable":true,"href":"https:\/\/bambapolitica.com.mx\/index.php\/wp-json\/wp\/v2\/comments?post=53973"}],"version-history":[{"count":1,"href":"https:\/\/bambapolitica.com.mx\/index.php\/wp-json\/wp\/v2\/posts\/53973\/revisions"}],"predecessor-version":[{"id":53975,"href":"https:\/\/bambapolitica.com.mx\/index.php\/wp-json\/wp\/v2\/posts\/53973\/revisions\/53975"}],"wp:featuredmedia":[{"embeddable":true,"href":"https:\/\/bambapolitica.com.mx\/index.php\/wp-json\/wp\/v2\/media\/53974"}],"wp:attachment":[{"href":"https:\/\/bambapolitica.com.mx\/index.php\/wp-json\/wp\/v2\/media?parent=53973"}],"wp:term":[{"taxonomy":"category","embeddable":true,"href":"https:\/\/bambapolitica.com.mx\/index.php\/wp-json\/wp\/v2\/categories?post=53973"},{"taxonomy":"post_tag","embeddable":true,"href":"https:\/\/bambapolitica.com.mx\/index.php\/wp-json\/wp\/v2\/tags?post=53973"}],"curies":[{"name":"wp","href":"https:\/\/api.w.org\/{rel}","templated":true}]}}