{"id":53979,"date":"2022-12-13T09:23:12","date_gmt":"2022-12-13T15:23:12","guid":{"rendered":"http:\/\/bambapolitica.com.mx\/?p=53979"},"modified":"2022-12-13T09:23:14","modified_gmt":"2022-12-13T15:23:14","slug":"lopez-obrador-niega-injerencismo-en-peru-pero-pide-reconocer-a-pedro-castillo","status":"publish","type":"post","link":"https:\/\/bambapolitica.com.mx\/index.php\/2022\/12\/13\/lopez-obrador-niega-injerencismo-en-peru-pero-pide-reconocer-a-pedro-castillo\/","title":{"rendered":"L\u00f3pez Obrador niega \u201cinjerencismo\u201d en Per\u00fa pero pide reconocer a Pedro Castillo"},"content":{"rendered":"\n<p>martes, 13 de diciembre de 2022<\/p>\n\n\n\n<p>Tras la destituci\u00f3n de su amigo, Pedro Castillo, el presidente L\u00f3pez Obrador rechaz\u00f3 reconocer a Dina Boluarte como presidenta de Per\u00fa<br>El presidente mexicano, Andr\u00e9s Manuel L\u00f3pez Obrador, rechaz\u00f3 este martes las acusaciones de \u201cinjerencismo\u201d del actual Gobierno de Per\u00fa, pero pidi\u00f3 reconocer la Presidencia de Pedro Castillo al argumentar que \u00e9l gan\u00f3 las \u00faltimas elecciones.<br>L\u00f3pez Obrador respondi\u00f3 a la Canciller\u00eda de Per\u00fa, que el viernes pasado convoc\u00f3 al embajador mexicano en Lima, Pablo Monroy, para transmitirle su rechazo por las \u201cexpresiones de las autoridades mexicanas\u201d que \u201cconstituyen una injerencia en los asuntos internos\u201d del pa\u00eds andino.<\/p>\n\n\n\n<p>No es injerencismo, estar ah\u00ed conduciendo nada, nuestro embajador est\u00e1 en su trabajo diplom\u00e1tico y es Relaciones Exteriores la que est\u00e1 a cargo de llevar a cabo este proceso\u201d, declar\u00f3 en su rueda de prensa diaria.<\/p>\n\n\n\n<p>Aun as\u00ed, el mandatario mexicano rechaz\u00f3 la destituci\u00f3n de Castillo, a quien a\u00fan considera presidente de Per\u00fa, pese a que el Congreso peruano lo removi\u00f3 del cargo el mi\u00e9rcoles pasado por \u201cincapacidad moral\u201d y lo acus\u00f3 de haber intentado perpetrar un golpe de Estado.<\/p>\n\n\n\n<p>El gobernante mexicano cit\u00f3 el comunicado que emiti\u00f3 este lunes junto a Argentina, Bolivia y Colombia en el que \u201ccon apego a acuerdos internacionales se exhorta a los responsables de la conducci\u00f3n pol\u00edtica en Per\u00fa de que se respete el voto de los ciudadanos\u201d.<\/p>\n\n\n\n<p>\u201cGan\u00f3 el presidente, lo que plantea el convenio es que se debe respetar la voluntad del pueblo que lo eligi\u00f3, reconocer que gan\u00f3 democr\u00e1ticamente y que no se le puede destituir, que eso de origen, aunque est\u00e9 en la Constituci\u00f3n peruana, tiene un problema, una falla antidemocr\u00e1tica de origen\u201d, argument\u00f3.<\/p>\n\n\n\n<p>Pausas en las relaciones M\u00e9xico-Per\u00fa<br>L\u00f3pez Obrador, quien antes se ha solidarizado con Castillo y le ha ofrecido asilo en M\u00e9xico, revel\u00f3 que las relaciones diplom\u00e1ticas con Per\u00fa est\u00e1n en \u201cpausa\u201d, aunque esto no implica romper los lazos ni retirar al embajador.<\/p>\n\n\n\n<p>Est\u00e1 en pausa, en espera de lo que suceda y ojal\u00e1 se busque una salida democr\u00e1tica\u201d, revel\u00f3.<\/p>\n\n\n\n<p>\u201cNo hay normalidad pol\u00edtica en Per\u00fa, no se trata de decir: va a haber relaciones. Est\u00e1 la gente en la calle (protestando), que tambi\u00e9n, dicho sea de paso, no se informa, los medios no informan, si fuese en Venezuela (otra cosa ser\u00eda)\u201d, justific\u00f3.<\/p>\n\n\n\n<p>El l\u00edder mexicano insisti\u00f3 en que \u00e9l a\u00fan considera a Castillo como el presidente de Per\u00fa, pero evadi\u00f3 responder de forma directa si reconoce a la nueva mandataria, Dina Boluarte, nombrada la semana pasada por el Congreso.<\/p>\n\n\n\n<p>\u201cEs una doctrina de pol\u00edtica exterior en M\u00e9xico, o sea, ni para bien ni para mal, no existe en M\u00e9xico lo de reconocimiento a ning\u00fan gobierno extranjero, entonces lo que est\u00e1 haciendo nuestra diplomacia es analizar los acontecimientos que se est\u00e1n presentando\u201d, argument\u00f3.<\/p>\n\n\n\n<p>El presidente de M\u00e9xico pidi\u00f3 evitar la \u201crepresi\u00f3n\u201d del pueblo de Per\u00fa despu\u00e9s de que las protestas que estallaron este domingo contra la presidenta Boluarte y el Congreso alcanzaron su m\u00e1ximo nivel de violencia este lunes con siete muertos y un centenar de polic\u00edas heridos.<\/p>\n\n\n\n<p>\u201cNosotros lamentamos mucho lo que est\u00e1 sucediendo, sobre todo por el sufrimiento del pueblo hermano del Per\u00fa, porque esto de una u otra forma se origina arriba, lo que siempre hemos estado sosteniendo\u201d, mencion\u00f3.<\/p>\n","protected":false},"excerpt":{"rendered":"<p>martes, 13 de diciembre de 2022 Tras la destituci\u00f3n de su amigo, Pedro Castillo, el&#8230;<\/p>\n","protected":false},"author":3,"featured_media":53980,"comment_status":"closed","ping_status":"closed","sticky":false,"template":"","format":"standard","meta":{"footnotes":""},"categories":[5],"tags":[],"class_list":["post-53979","post","type-post","status-publish","format-standard","has-post-thumbnail","hentry","category-internacional"],"_links":{"self":[{"href":"https:\/\/bambapolitica.com.mx\/index.php\/wp-json\/wp\/v2\/posts\/53979","targetHints":{"allow":["GET"]}}],"collection":[{"href":"https:\/\/bambapolitica.com.mx\/index.php\/wp-json\/wp\/v2\/posts"}],"about":[{"href":"https:\/\/bambapolitica.com.mx\/index.php\/wp-json\/wp\/v2\/types\/post"}],"author":[{"embeddable":true,"href":"https:\/\/bambapolitica.com.mx\/index.php\/wp-json\/wp\/v2\/users\/3"}],"replies":[{"embeddable":true,"href":"https:\/\/bambapolitica.com.mx\/index.php\/wp-json\/wp\/v2\/comments?post=53979"}],"version-history":[{"count":1,"href":"https:\/\/bambapolitica.com.mx\/index.php\/wp-json\/wp\/v2\/posts\/53979\/revisions"}],"predecessor-version":[{"id":53981,"href":"https:\/\/bambapolitica.com.mx\/index.php\/wp-json\/wp\/v2\/posts\/53979\/revisions\/53981"}],"wp:featuredmedia":[{"embeddable":true,"href":"https:\/\/bambapolitica.com.mx\/index.php\/wp-json\/wp\/v2\/media\/53980"}],"wp:attachment":[{"href":"https:\/\/bambapolitica.com.mx\/index.php\/wp-json\/wp\/v2\/media?parent=53979"}],"wp:term":[{"taxonomy":"category","embeddable":true,"href":"https:\/\/bambapolitica.com.mx\/index.php\/wp-json\/wp\/v2\/categories?post=53979"},{"taxonomy":"post_tag","embeddable":true,"href":"https:\/\/bambapolitica.com.mx\/index.php\/wp-json\/wp\/v2\/tags?post=53979"}],"curies":[{"name":"wp","href":"https:\/\/api.w.org\/{rel}","templated":true}]}}