{"id":53985,"date":"2022-12-14T08:06:12","date_gmt":"2022-12-14T14:06:12","guid":{"rendered":"http:\/\/bambapolitica.com.mx\/?p=53985"},"modified":"2022-12-14T08:06:15","modified_gmt":"2022-12-14T14:06:15","slug":"realizaran-tres-homenajes-a-miguel-barbosa-en-puebla-se-preve-asistencia-de-amlo","status":"publish","type":"post","link":"https:\/\/bambapolitica.com.mx\/index.php\/2022\/12\/14\/realizaran-tres-homenajes-a-miguel-barbosa-en-puebla-se-preve-asistencia-de-amlo\/","title":{"rendered":"Realizar\u00e1n tres homenajes a Miguel Barbosa en Puebla; se prev\u00e9 asistencia de AMLO"},"content":{"rendered":"\n<p>12 Miercoles 2022<\/p>\n\n\n\n<p>Se espera que el presidente Andr\u00e9s Manuel L\u00f3pez Obrador asista al homenaje a Miguel Barbosa en Casa Aguayo<\/p>\n\n\n\n<p>El Gobierno de Puebla encabezar\u00e1 los homenajes de cuerpo presente a Miguel Barbosa Huerta, quien muri\u00f3 este martes.<\/p>\n\n\n\n<p>En un comunicado conjunto de los tres poderes del estado, se confirm\u00f3 la realizaci\u00f3n de tres homenajes que se realizar\u00e1n este mi\u00e9rcoles 14 de diciembre.<\/p>\n\n\n\n<p>El primero, a las 9:00 h en el Congreso del Estado.<br>El segundo, a las 9:45 en el Palacio de Justicia.<br>El tercero, desde las 11:30 h en Casa Aguayo.<br>Se espera que a este tercer evento se presente el presidente Andr\u00e9s Manuel L\u00f3pez Obrador.<br>Posteriormente, las exequias se realizar\u00e1n en la Capilla Mayor de la funeraria Camino al Cielo.<\/p>\n\n\n\n<p>Miguel Barbosa muri\u00f3 este martes a los 63 a\u00f1os de edad tras reportar gravedad en su salud durante este fin de semana.<\/p>\n\n\n\n<p>Seg\u00fan el reporte oficial del Gobierno de Puebla, en el centro del pa\u00eds, se registr\u00f3 una movilizaci\u00f3n de ambulancias que trasladaron al mandatario del partido Movimiento Regeneraci\u00f3n Nacional (Morena) Hospital de Ortopedia del estado.<\/p>\n\n\n\n<p>El gobernador present\u00f3 un infarto, por lo que tuvo que ser trasladado v\u00eda a\u00e9rea al nosocomio \u00c1ngeles del Pedregal en la Ciudad de M\u00e9xico, donde reportaron que estaba siendo valorado y atendido por un equipo m\u00e9dico.<\/p>\n\n\n\n<p>A pesar de que el Gobierno de Puebla no lo ha hecho oficial, trascendi\u00f3 que fue v\u00edctima de un infarto que se le complic\u00f3 por la enfermedad cr\u00f3nico degenerativa que padec\u00eda, diabetes.<\/p>\n","protected":false},"excerpt":{"rendered":"<p>12 Miercoles 2022 Se espera que el presidente Andr\u00e9s Manuel L\u00f3pez Obrador asista al homenaje&#8230;<\/p>\n","protected":false},"author":3,"featured_media":53986,"comment_status":"closed","ping_status":"closed","sticky":false,"template":"","format":"standard","meta":{"footnotes":""},"categories":[4],"tags":[],"class_list":["post-53985","post","type-post","status-publish","format-standard","has-post-thumbnail","hentry","category-noticias-del-dia"],"_links":{"self":[{"href":"https:\/\/bambapolitica.com.mx\/index.php\/wp-json\/wp\/v2\/posts\/53985","targetHints":{"allow":["GET"]}}],"collection":[{"href":"https:\/\/bambapolitica.com.mx\/index.php\/wp-json\/wp\/v2\/posts"}],"about":[{"href":"https:\/\/bambapolitica.com.mx\/index.php\/wp-json\/wp\/v2\/types\/post"}],"author":[{"embeddable":true,"href":"https:\/\/bambapolitica.com.mx\/index.php\/wp-json\/wp\/v2\/users\/3"}],"replies":[{"embeddable":true,"href":"https:\/\/bambapolitica.com.mx\/index.php\/wp-json\/wp\/v2\/comments?post=53985"}],"version-history":[{"count":1,"href":"https:\/\/bambapolitica.com.mx\/index.php\/wp-json\/wp\/v2\/posts\/53985\/revisions"}],"predecessor-version":[{"id":53987,"href":"https:\/\/bambapolitica.com.mx\/index.php\/wp-json\/wp\/v2\/posts\/53985\/revisions\/53987"}],"wp:featuredmedia":[{"embeddable":true,"href":"https:\/\/bambapolitica.com.mx\/index.php\/wp-json\/wp\/v2\/media\/53986"}],"wp:attachment":[{"href":"https:\/\/bambapolitica.com.mx\/index.php\/wp-json\/wp\/v2\/media?parent=53985"}],"wp:term":[{"taxonomy":"category","embeddable":true,"href":"https:\/\/bambapolitica.com.mx\/index.php\/wp-json\/wp\/v2\/categories?post=53985"},{"taxonomy":"post_tag","embeddable":true,"href":"https:\/\/bambapolitica.com.mx\/index.php\/wp-json\/wp\/v2\/tags?post=53985"}],"curies":[{"name":"wp","href":"https:\/\/api.w.org\/{rel}","templated":true}]}}