{"id":54000,"date":"2022-12-14T08:37:37","date_gmt":"2022-12-14T14:37:37","guid":{"rendered":"http:\/\/bambapolitica.com.mx\/?p=54000"},"modified":"2022-12-14T08:37:39","modified_gmt":"2022-12-14T14:37:39","slug":"sedena-destruye-casi-mil-armas-decomisadas-a-delincuencia-organizada-en-tamaulipas","status":"publish","type":"post","link":"https:\/\/bambapolitica.com.mx\/index.php\/2022\/12\/14\/sedena-destruye-casi-mil-armas-decomisadas-a-delincuencia-organizada-en-tamaulipas\/","title":{"rendered":"Sedena destruye casi mil armas decomisadas a delincuencia organizada en Tamaulipas"},"content":{"rendered":"\n<p>14 Mi\u00e9rcoles 2022<\/p>\n\n\n\n<p>A trav\u00e9s de las Comandancias de la IV Regi\u00f3n Militar y 8\/a. Zona Militar, se inform\u00f3 de la \u201c2\/a. Destrucci\u00f3n del armamento decomisado 2022\u201d.<\/p>\n\n\n\n<p><br>La Secretar\u00eda de la Defensa Nacional (Sedena) destruy\u00f3 este martes, 840 armas largas y cortas aseguradas a la delincuencia organizada en Tamaulipas de febrero a lo que va de diciembre del 2022, adem\u00e1s de cargadores y municiones.<\/p>\n\n\n\n<p>A trav\u00e9s de las Comandancias de la IV Regi\u00f3n Militar y 8\/a. Zona Militar, se inform\u00f3 de la \u201c2\/a. Destrucci\u00f3n del armamento decomisado 2022\u201d.<br>La que se realiz\u00f3 en las instalaciones de este Campo Militar, sitio en carretera Matamoros \u2013 Reynosa Km. 85, colonia Almaguer, en Reynosa, Tamaulipas.<\/p>\n\n\n\n<p>El acto se realiza dentro del marco de la Estrategia Nacional y Seguridad P\u00fablica y la Pol\u00edtica de Cero Impunidad del Gobierno Federal.<\/p>\n\n\n\n<p>El evento estuvo encabezado por el General de Brigada Diplomado de Estado Mayor Roberto Claudio del Rosal Ibarra, Comandante de la 8\/a. Zona Militar, acompa\u00f1ado por las autoridades de los tres \u00f3rdenes de gobierno.<\/p>\n\n\n\n<p>De conformidad con la Ley Federal de armas de fuego y control de explosivos, se procedi\u00f3 a la destrucci\u00f3n del armamento.<\/p>\n\n\n\n<p>Entre ellas: 749 Armas largas, 91 Armas cortas, as\u00ed como 9 mil 307 cargadores y 225 mil 668 cartuchos, aseguradas en el Mando Territorial de la 8\/a. Zona Militar.<\/p>\n\n\n\n<p><\/p>\n","protected":false},"excerpt":{"rendered":"<p>14 Mi\u00e9rcoles 2022 A trav\u00e9s de las Comandancias de la IV Regi\u00f3n Militar y 8\/a&#8230;.<\/p>\n","protected":false},"author":3,"featured_media":54001,"comment_status":"closed","ping_status":"closed","sticky":false,"template":"","format":"standard","meta":{"footnotes":""},"categories":[4],"tags":[],"class_list":["post-54000","post","type-post","status-publish","format-standard","has-post-thumbnail","hentry","category-noticias-del-dia"],"_links":{"self":[{"href":"https:\/\/bambapolitica.com.mx\/index.php\/wp-json\/wp\/v2\/posts\/54000","targetHints":{"allow":["GET"]}}],"collection":[{"href":"https:\/\/bambapolitica.com.mx\/index.php\/wp-json\/wp\/v2\/posts"}],"about":[{"href":"https:\/\/bambapolitica.com.mx\/index.php\/wp-json\/wp\/v2\/types\/post"}],"author":[{"embeddable":true,"href":"https:\/\/bambapolitica.com.mx\/index.php\/wp-json\/wp\/v2\/users\/3"}],"replies":[{"embeddable":true,"href":"https:\/\/bambapolitica.com.mx\/index.php\/wp-json\/wp\/v2\/comments?post=54000"}],"version-history":[{"count":1,"href":"https:\/\/bambapolitica.com.mx\/index.php\/wp-json\/wp\/v2\/posts\/54000\/revisions"}],"predecessor-version":[{"id":54002,"href":"https:\/\/bambapolitica.com.mx\/index.php\/wp-json\/wp\/v2\/posts\/54000\/revisions\/54002"}],"wp:featuredmedia":[{"embeddable":true,"href":"https:\/\/bambapolitica.com.mx\/index.php\/wp-json\/wp\/v2\/media\/54001"}],"wp:attachment":[{"href":"https:\/\/bambapolitica.com.mx\/index.php\/wp-json\/wp\/v2\/media?parent=54000"}],"wp:term":[{"taxonomy":"category","embeddable":true,"href":"https:\/\/bambapolitica.com.mx\/index.php\/wp-json\/wp\/v2\/categories?post=54000"},{"taxonomy":"post_tag","embeddable":true,"href":"https:\/\/bambapolitica.com.mx\/index.php\/wp-json\/wp\/v2\/tags?post=54000"}],"curies":[{"name":"wp","href":"https:\/\/api.w.org\/{rel}","templated":true}]}}