{"id":54009,"date":"2022-12-14T08:52:17","date_gmt":"2022-12-14T14:52:17","guid":{"rendered":"http:\/\/bambapolitica.com.mx\/?p=54009"},"modified":"2022-12-14T08:52:19","modified_gmt":"2022-12-14T14:52:19","slug":"ine-recurriria-a-instancias-y-vias-juridicas-para-salvaguardar-autonomia-ante-plan-b-de-reforma-electoral","status":"publish","type":"post","link":"https:\/\/bambapolitica.com.mx\/index.php\/2022\/12\/14\/ine-recurriria-a-instancias-y-vias-juridicas-para-salvaguardar-autonomia-ante-plan-b-de-reforma-electoral\/","title":{"rendered":"INE recurrir\u00eda a instancias y v\u00edas jur\u00eddicas para salvaguardar autonom\u00eda ante \u2018Plan B\u2019 de Reforma Electoral"},"content":{"rendered":"\n<p>14 Mi\u00e9rcoles 2022<\/p>\n\n\n\n<p>El INE advirti\u00f3 que el Plan B de la Reforma Electoral tiene deficiencias y apunt\u00f3 que recurrir\u00e1 a la v\u00eda jur\u00eddica para salvaguardar su autonom\u00eda.<\/p>\n\n\n\n<p><br>El Instituto Nacional Electoral (INE) extern\u00f3 preocupaci\u00f3n por el contenido del Plan B de la Reforma Electoral cuya discusi\u00f3n y votaci\u00f3n se prev\u00e9 este mi\u00e9rcoles en el Senado de la Rep\u00fablica, toda vez que al organismo no se le pidi\u00f3 informaci\u00f3n, diagn\u00f3sticos u opini\u00f3n t\u00e9cnica.<\/p>\n\n\n\n<p>Lorenzo C\u00f3rdova, consejero presidente del INE, advirti\u00f3 deficiencias que ponen en peligro la realizaci\u00f3n de los procesos electorales.<br>La reforma producir\u00e1 un efecto regresivo, contrario al principio de progresividad de los derechos reconocidos constitucionalmente, y puede generar incertidumbre en torno a las reglas de la contienda electoral\u201d, dijo en conferencia de prensa.<\/p>\n\n\n\n<p>C\u00f3rdova Vianello hizo un llamado a los legisladores a analizar con profundidad los impactos de los cambios propuestos y establecer mecanismos para que el INE abone informaci\u00f3n t\u00e9cnica y pueda colaborar para una eventual reforma electoral.<\/p>\n\n\n\n<p>De ser el caso, el INE recurrir\u00e1 a todas las instancias y todas las v\u00edas jur\u00eddicas que la Constituci\u00f3n brinda para salvaguardar la autonom\u00eda y profesionalismo del INE y para seguir garantizando elecciones libres y aut\u00e9nticas como lo mandata la Constituci\u00f3n.\u201d<\/p>\n\n\n\n<p>A\u00f1adi\u00f3 que los consejeros electorales ser\u00e1n emp\u00e1ticos con acciones que trabajadores del INE puedan emprender, por su cuenta, en favor de sus derechos laborales.<\/p>\n","protected":false},"excerpt":{"rendered":"<p>14 Mi\u00e9rcoles 2022 El INE advirti\u00f3 que el Plan B de la Reforma Electoral tiene&#8230;<\/p>\n","protected":false},"author":3,"featured_media":54010,"comment_status":"closed","ping_status":"closed","sticky":false,"template":"","format":"standard","meta":{"footnotes":""},"categories":[4],"tags":[],"class_list":["post-54009","post","type-post","status-publish","format-standard","has-post-thumbnail","hentry","category-noticias-del-dia"],"_links":{"self":[{"href":"https:\/\/bambapolitica.com.mx\/index.php\/wp-json\/wp\/v2\/posts\/54009","targetHints":{"allow":["GET"]}}],"collection":[{"href":"https:\/\/bambapolitica.com.mx\/index.php\/wp-json\/wp\/v2\/posts"}],"about":[{"href":"https:\/\/bambapolitica.com.mx\/index.php\/wp-json\/wp\/v2\/types\/post"}],"author":[{"embeddable":true,"href":"https:\/\/bambapolitica.com.mx\/index.php\/wp-json\/wp\/v2\/users\/3"}],"replies":[{"embeddable":true,"href":"https:\/\/bambapolitica.com.mx\/index.php\/wp-json\/wp\/v2\/comments?post=54009"}],"version-history":[{"count":1,"href":"https:\/\/bambapolitica.com.mx\/index.php\/wp-json\/wp\/v2\/posts\/54009\/revisions"}],"predecessor-version":[{"id":54011,"href":"https:\/\/bambapolitica.com.mx\/index.php\/wp-json\/wp\/v2\/posts\/54009\/revisions\/54011"}],"wp:featuredmedia":[{"embeddable":true,"href":"https:\/\/bambapolitica.com.mx\/index.php\/wp-json\/wp\/v2\/media\/54010"}],"wp:attachment":[{"href":"https:\/\/bambapolitica.com.mx\/index.php\/wp-json\/wp\/v2\/media?parent=54009"}],"wp:term":[{"taxonomy":"category","embeddable":true,"href":"https:\/\/bambapolitica.com.mx\/index.php\/wp-json\/wp\/v2\/categories?post=54009"},{"taxonomy":"post_tag","embeddable":true,"href":"https:\/\/bambapolitica.com.mx\/index.php\/wp-json\/wp\/v2\/tags?post=54009"}],"curies":[{"name":"wp","href":"https:\/\/api.w.org\/{rel}","templated":true}]}}