{"id":54015,"date":"2022-12-14T09:11:34","date_gmt":"2022-12-14T15:11:34","guid":{"rendered":"http:\/\/bambapolitica.com.mx\/?p=54015"},"modified":"2022-12-14T09:11:36","modified_gmt":"2022-12-14T15:11:36","slug":"amlo-asegura-que-america-puede-ser-el-continente-mas-fuerte-del-mundo","status":"publish","type":"post","link":"https:\/\/bambapolitica.com.mx\/index.php\/2022\/12\/14\/amlo-asegura-que-america-puede-ser-el-continente-mas-fuerte-del-mundo\/","title":{"rendered":"AMLO asegura que Am\u00e9rica puede ser el continente m\u00e1s fuerte del mundo"},"content":{"rendered":"\n<p>14 Mi\u00e9rcoles 2022.<\/p>\n\n\n\n<p>El presidente dijo que propondr\u00e1 a sus hom\u00f3logos una pol\u00edtica de integraci\u00f3n, basada en la sustituci\u00f3n de importaciones, para lograr la autosuficiencia.<\/p>\n\n\n\n<p><br>El presidente Andr\u00e9s Manuel L\u00f3pez Obrador asegur\u00f3 que se puede llevar a cabo una nueva pol\u00edtica en Am\u00e9rica y convertirlo en el continente m\u00e1s fuerte del mundo, pues hay \u201ccondiciones inmejorables\u201d.<\/p>\n\n\n\n<p>Durante su conferencia matutina, el mandatario dijo que en la Cumbre de L\u00edderes de Am\u00e9rica del Norte propondr\u00e1 a sus hom\u00f3logos una pol\u00edtica de integraci\u00f3n, basada en la sustituci\u00f3n de importaciones, para lograr la autosuficiencia.<\/p>\n\n\n\n<p><br>\u201cCreo que hay tiempo y hay tambi\u00e9n condiciones inmejorables para llevar a cabo una nueva pol\u00edtica en nuestro continente. Yo sostengo que son tres elementos b\u00e1sicos, primero: el que se busque la integraci\u00f3n econ\u00f3mica para sustituir importaciones de otras regiones del mundo, que se produzca en Am\u00e9rica, en todo el continente lo que consumimos, ese es el planteamiento central\u201d, dijo.<br>Record\u00f3 que este proceso ya ha dado inicio con el Tratado de Libre Comercio, pero se\u00f1al\u00f3 que todav\u00eda \u201chace falta que se consolide esta integraci\u00f3n con una pol\u00edtica bien definida\u201d.<\/p>\n\n\n\n<p>Para lograrlo propuso una confederaci\u00f3n para el bienestar de los pueblos de toda Am\u00e9rica y del Caribe, similar a lo que fue la Alianza del Progreso durante el periodo del presidente John F. Kennedy.<\/p>\n\n\n\n<p>\u201cSi hay oportunidades de trabajo hay posibilidad de ordenar el flujo migratorio, si se sigue abandonando a Am\u00e9rica Latina, al Caribe, pues no se va a poder ordenar el flujo migratorio y se van a seguir poniendo en riesgo las vidas de millones de americanos de distintos pa\u00edses, de Centroam\u00e9rica, de Sudam\u00e9rica, lo que est\u00e1 sucediendo, que est\u00e1n saliendo miles de personas\u201d, advirti\u00f3.<br>L\u00f3pez Obrador hizo un llamado a que, \u201cen vez de estar pensando en hegemon\u00edas b\u00e9licas, en dominio del mundo mediante el uso de la fuerza\u201d, se busque que exista equilibrio en materia econ\u00f3mica, en lo comercial y que no haya hegemon\u00edas.<\/p>\n\n\n\n<p>Puso como ejemplo a Asia, y destac\u00f3 que la planeaci\u00f3n en China es muy grande; \u201cya saben qu\u00e9 van a lograr en el 2030, 40, 50 y aqu\u00ed estamos pensando en la pr\u00f3xima elecci\u00f3n no en la pr\u00f3xima generaci\u00f3n\u201d, lament\u00f3.<\/p>\n\n\n\n<p>\u201cEntonces ese es otro tema: c\u00f3mo se lleva a cabo un plan para la cooperaci\u00f3n econ\u00f3mica y el bienestar en toda Am\u00e9rica. Y lo tercero es el respeto a la soberan\u00eda de los pa\u00edses, que ya no se mantenga la pol\u00edtica de principios del siglo XIX de que se intervenga en las decisiones de los pueblos, de los pa\u00edses que son libres, independientes, soberanos\u201d, coment\u00f3.<\/p>\n","protected":false},"excerpt":{"rendered":"<p>14 Mi\u00e9rcoles 2022. El presidente dijo que propondr\u00e1 a sus hom\u00f3logos una pol\u00edtica de integraci\u00f3n,&#8230;<\/p>\n","protected":false},"author":3,"featured_media":54016,"comment_status":"closed","ping_status":"closed","sticky":false,"template":"","format":"standard","meta":{"footnotes":""},"categories":[4],"tags":[],"class_list":["post-54015","post","type-post","status-publish","format-standard","has-post-thumbnail","hentry","category-noticias-del-dia"],"_links":{"self":[{"href":"https:\/\/bambapolitica.com.mx\/index.php\/wp-json\/wp\/v2\/posts\/54015","targetHints":{"allow":["GET"]}}],"collection":[{"href":"https:\/\/bambapolitica.com.mx\/index.php\/wp-json\/wp\/v2\/posts"}],"about":[{"href":"https:\/\/bambapolitica.com.mx\/index.php\/wp-json\/wp\/v2\/types\/post"}],"author":[{"embeddable":true,"href":"https:\/\/bambapolitica.com.mx\/index.php\/wp-json\/wp\/v2\/users\/3"}],"replies":[{"embeddable":true,"href":"https:\/\/bambapolitica.com.mx\/index.php\/wp-json\/wp\/v2\/comments?post=54015"}],"version-history":[{"count":1,"href":"https:\/\/bambapolitica.com.mx\/index.php\/wp-json\/wp\/v2\/posts\/54015\/revisions"}],"predecessor-version":[{"id":54017,"href":"https:\/\/bambapolitica.com.mx\/index.php\/wp-json\/wp\/v2\/posts\/54015\/revisions\/54017"}],"wp:featuredmedia":[{"embeddable":true,"href":"https:\/\/bambapolitica.com.mx\/index.php\/wp-json\/wp\/v2\/media\/54016"}],"wp:attachment":[{"href":"https:\/\/bambapolitica.com.mx\/index.php\/wp-json\/wp\/v2\/media?parent=54015"}],"wp:term":[{"taxonomy":"category","embeddable":true,"href":"https:\/\/bambapolitica.com.mx\/index.php\/wp-json\/wp\/v2\/categories?post=54015"},{"taxonomy":"post_tag","embeddable":true,"href":"https:\/\/bambapolitica.com.mx\/index.php\/wp-json\/wp\/v2\/tags?post=54015"}],"curies":[{"name":"wp","href":"https:\/\/api.w.org\/{rel}","templated":true}]}}