{"id":54025,"date":"2022-12-14T09:25:44","date_gmt":"2022-12-14T15:25:44","guid":{"rendered":"http:\/\/bambapolitica.com.mx\/?p=54025"},"modified":"2022-12-14T09:25:46","modified_gmt":"2022-12-14T15:25:46","slug":"oms-espera-que-en-2023-acaben-emergencias-globales-por-covid-19-y-viruela-simica","status":"publish","type":"post","link":"https:\/\/bambapolitica.com.mx\/index.php\/2022\/12\/14\/oms-espera-que-en-2023-acaben-emergencias-globales-por-covid-19-y-viruela-simica\/","title":{"rendered":"OMS espera que en 2023 acaben emergencias globales por COVID-19 y viruela s\u00edmica"},"content":{"rendered":"\n<p>mi\u00e9rcoles, 14 de diciembre de 2022<\/p>\n\n\n\n<p>El director de la OMS se\u00f1al\u00f3 que se espera que el COVID-19 y la viruela s\u00edmica dejen de ser una emergencia global en alg\u00fan momento de 2023<br>Las emergencias internacionales declaradas por la Organizaci\u00f3n Mundial de la Salud (OMS) en 2020 por COVID-19 y en 2022 por la mpox (viruela s\u00edmica) \u201cpodr\u00edan terminar en alg\u00fan momento del pr\u00f3ximo a\u00f1o\u201d, vaticin\u00f3 el director general del organismo, Tedros Adhanom Ghebreyesus.<\/p>\n\n\n\n<p>\u201cHace un a\u00f1o la variante \u00f3micron mataba 50 mil personas cada semana, y la semana pasada fueron menos de 10 mil, una cifra que a\u00fan es excesiva pero marca una buena trayectoria, por lo que esperamos que en alg\u00fan momento deje de ser una emergencia global\u201d, destac\u00f3 Tedros en rueda de prensa para repasar la labor de la OMS en 2022.<\/p>\n\n\n\n<p>Sin embargo, \u201cel coronavirus no va a desaparecer, se mantendr\u00e1 y los pa\u00edses tendr\u00e1n que aprender a gestionarlo junto a otros problemas respiratorios como la gripe\u201c, afirm\u00f3 Tedros, quien tambi\u00e9n valor\u00f3 que el descenso del 90 por ciento en los casos de mpox invita al optimismo respecto a un fin de esa crisis sanitaria el pr\u00f3ximo a\u00f1o.<\/p>\n\n\n\n<p>\u201cHemos recorrido un largo camino y la situaci\u00f3n ahora es significativamente mejor, por eso el mundo se est\u00e1 abriendo de nuevo, pero el virus (causante de la covid) ha venido para quedarse, es casi parte de nuestra familia y la clave es c\u00f3mo gestionarlo\u201d, destac\u00f3 Tedros.<\/p>\n\n\n\n<p>\u201cLo conocemos mejor, tenemos herramientas tales como vacunas, tratamientos, y m\u00e1s importante, ahora tenemos inmunidad de poblaci\u00f3n, tanto de vacunados como de forma natural (por la gente que ha pasado la enfermedad)\u201d, analiz\u00f3 el experto et\u00edope.<\/p>\n\n\n\n<p>\u201cLevantar la emergencia internacional (para la covid) est\u00e1 en nuestras manos, es cuesti\u00f3n de hacer que los grupos de riesgo, como las personas mayores y las poblaciones vulnerables est\u00e1n protegidas\u201d, afirm\u00f3.<\/p>\n\n\n\n<p>Los criterios para decidir si la pandemia de COVID-19 deja de ser una emergencia internacional se analizar\u00e1n en enero en la pr\u00f3xima reuni\u00f3n del comit\u00e9 de expertos que desde 2020 se re\u00fane trimestralmente para analizar la evoluci\u00f3n de la crisis sanitaria, record\u00f3 Tedros.<\/p>\n\n\n\n<p>El m\u00e1ximo responsable de la OMS subray\u00f3 que pese a que tanto las crisis por COVID-19 y la mpox est\u00e1n descendiendo en numero de casos, el mundo afronta a\u00fan numerosos desaf\u00edos sanitarios, y mencion\u00f3 en este sentido los brotes de c\u00f3lera declarados actualmente en 29 pa\u00edses, incluido el que ha matado a 280 personas en Hait\u00ed.<\/p>\n\n\n\n<p>\u201cPara el a\u00f1o 2023 hay razones para la esperanza pero tambi\u00e9n muchas para preocuparse, y en este sentido la OMS sigue comprometida con los pa\u00edses miembros para construir un futuro m\u00e1s seguro y sano para las poblaciones\u201d, destac\u00f3 el m\u00e1ximo responsable de la OMS.<\/p>\n","protected":false},"excerpt":{"rendered":"<p>mi\u00e9rcoles, 14 de diciembre de 2022 El director de la OMS se\u00f1al\u00f3 que se espera&#8230;<\/p>\n","protected":false},"author":3,"featured_media":54026,"comment_status":"closed","ping_status":"closed","sticky":false,"template":"","format":"standard","meta":{"footnotes":""},"categories":[5],"tags":[],"class_list":["post-54025","post","type-post","status-publish","format-standard","has-post-thumbnail","hentry","category-internacional"],"_links":{"self":[{"href":"https:\/\/bambapolitica.com.mx\/index.php\/wp-json\/wp\/v2\/posts\/54025","targetHints":{"allow":["GET"]}}],"collection":[{"href":"https:\/\/bambapolitica.com.mx\/index.php\/wp-json\/wp\/v2\/posts"}],"about":[{"href":"https:\/\/bambapolitica.com.mx\/index.php\/wp-json\/wp\/v2\/types\/post"}],"author":[{"embeddable":true,"href":"https:\/\/bambapolitica.com.mx\/index.php\/wp-json\/wp\/v2\/users\/3"}],"replies":[{"embeddable":true,"href":"https:\/\/bambapolitica.com.mx\/index.php\/wp-json\/wp\/v2\/comments?post=54025"}],"version-history":[{"count":1,"href":"https:\/\/bambapolitica.com.mx\/index.php\/wp-json\/wp\/v2\/posts\/54025\/revisions"}],"predecessor-version":[{"id":54027,"href":"https:\/\/bambapolitica.com.mx\/index.php\/wp-json\/wp\/v2\/posts\/54025\/revisions\/54027"}],"wp:featuredmedia":[{"embeddable":true,"href":"https:\/\/bambapolitica.com.mx\/index.php\/wp-json\/wp\/v2\/media\/54026"}],"wp:attachment":[{"href":"https:\/\/bambapolitica.com.mx\/index.php\/wp-json\/wp\/v2\/media?parent=54025"}],"wp:term":[{"taxonomy":"category","embeddable":true,"href":"https:\/\/bambapolitica.com.mx\/index.php\/wp-json\/wp\/v2\/categories?post=54025"},{"taxonomy":"post_tag","embeddable":true,"href":"https:\/\/bambapolitica.com.mx\/index.php\/wp-json\/wp\/v2\/tags?post=54025"}],"curies":[{"name":"wp","href":"https:\/\/api.w.org\/{rel}","templated":true}]}}