{"id":54028,"date":"2022-12-14T09:36:47","date_gmt":"2022-12-14T15:36:47","guid":{"rendered":"http:\/\/bambapolitica.com.mx\/?p=54028"},"modified":"2022-12-14T09:36:49","modified_gmt":"2022-12-14T15:36:49","slug":"pedro-castillo-pide-a-la-cidh-que-interceda-por-sus-derechos","status":"publish","type":"post","link":"https:\/\/bambapolitica.com.mx\/index.php\/2022\/12\/14\/pedro-castillo-pide-a-la-cidh-que-interceda-por-sus-derechos\/","title":{"rendered":"Pedro Castillo pide a la CIDH que interceda por sus derechos"},"content":{"rendered":"\n<p>mi\u00e9rcoles, 14 de diciembre de 2022<\/p>\n\n\n\n<p>Mediante una carta Pedro Castillo pidi\u00f3 a la CIDH que interceda por sus derechos ante la petici\u00f3n de 18 meses de prisi\u00f3n preventiva en su contra<br>El expresidente peruano Pedro Castillo reclam\u00f3 a la Comisi\u00f3n Interamericana de Derechos Humanos (CIDH) que interceda por \u00e9l, pues considera que las autoridades de su pa\u00eds han vuelto a \u201ccoactar\u201d (sic) su libertad.<\/p>\n\n\n\n<p>\u201c\u00a1Basta ya! Sigue el atropello, la humillaci\u00f3n y el maltrato. Hoy vuelven a coactar mi libertad con 18 meses de prisi\u00f3n preventiva. Pido a la CIDH que interceda por mis derechos y los derechos de mis hermanos peruanos que claman justicia\u201d, escribi\u00f3 Castillo en una carta firmada por \u00e9l y publicada en su cuenta de Twitter.<br>En el breve mensaje manuscrito, que adem\u00e1s fue transcrito en un mensaje de Twitter, tambi\u00e9n hizo \u201cresponsables a los jueces y fiscales de lo que pase en el pa\u00eds\u201d y envi\u00f3 \u201cmillones de gracias\u201d a los peruanos \u201cpor su cari\u00f1o y apoyo\u201d.<\/p>\n\n\n\n<p>La Fiscal\u00eda de Per\u00fa pidi\u00f3 18 meses de prisi\u00f3n preventiva para Castillo, inform\u00f3 a EFE una fuente vinculada a la investigaci\u00f3n que se sigue al exmandatario por la presunta comisi\u00f3n del delito de rebeli\u00f3n, a ra\u00edz del fallido golpe de Estado que motiv\u00f3 su destituci\u00f3n.<\/p>\n\n\n\n<p>El requerimiento fue presentado por el fiscal supremo Uriel Teran, encargado del despacho de la Segunda Fiscal\u00eda Suprema Transitoria Especializada en Delitos cometidos por Funcionarios P\u00fablicos, agreg\u00f3 la fuente.<\/p>\n\n\n\n<p>En el requerimiento fiscal se ha incluido al ex primer ministro y asesor jur\u00eddico de Castillo, An\u00edbal Torres, y se present\u00f3 luego de que el Poder Judicial autoriz\u00f3 el pedido del Ministerio P\u00fablico para iniciar investigaci\u00f3n preparatoria a Castillo.<\/p>\n\n\n\n<p>La solicitud de prisi\u00f3n preventiva abre la posibilidad de que se prolongue la detenci\u00f3n preliminar que cumple Castillo, que debe culminar en principio hacia el mediod\u00eda de este mi\u00e9rcoles, aunque esa decisi\u00f3n es competencia de las autoridades judiciales.<\/p>\n","protected":false},"excerpt":{"rendered":"<p>mi\u00e9rcoles, 14 de diciembre de 2022 Mediante una carta Pedro Castillo pidi\u00f3 a la CIDH&#8230;<\/p>\n","protected":false},"author":3,"featured_media":54029,"comment_status":"closed","ping_status":"closed","sticky":false,"template":"","format":"standard","meta":{"footnotes":""},"categories":[5],"tags":[],"class_list":["post-54028","post","type-post","status-publish","format-standard","has-post-thumbnail","hentry","category-internacional"],"_links":{"self":[{"href":"https:\/\/bambapolitica.com.mx\/index.php\/wp-json\/wp\/v2\/posts\/54028","targetHints":{"allow":["GET"]}}],"collection":[{"href":"https:\/\/bambapolitica.com.mx\/index.php\/wp-json\/wp\/v2\/posts"}],"about":[{"href":"https:\/\/bambapolitica.com.mx\/index.php\/wp-json\/wp\/v2\/types\/post"}],"author":[{"embeddable":true,"href":"https:\/\/bambapolitica.com.mx\/index.php\/wp-json\/wp\/v2\/users\/3"}],"replies":[{"embeddable":true,"href":"https:\/\/bambapolitica.com.mx\/index.php\/wp-json\/wp\/v2\/comments?post=54028"}],"version-history":[{"count":1,"href":"https:\/\/bambapolitica.com.mx\/index.php\/wp-json\/wp\/v2\/posts\/54028\/revisions"}],"predecessor-version":[{"id":54030,"href":"https:\/\/bambapolitica.com.mx\/index.php\/wp-json\/wp\/v2\/posts\/54028\/revisions\/54030"}],"wp:featuredmedia":[{"embeddable":true,"href":"https:\/\/bambapolitica.com.mx\/index.php\/wp-json\/wp\/v2\/media\/54029"}],"wp:attachment":[{"href":"https:\/\/bambapolitica.com.mx\/index.php\/wp-json\/wp\/v2\/media?parent=54028"}],"wp:term":[{"taxonomy":"category","embeddable":true,"href":"https:\/\/bambapolitica.com.mx\/index.php\/wp-json\/wp\/v2\/categories?post=54028"},{"taxonomy":"post_tag","embeddable":true,"href":"https:\/\/bambapolitica.com.mx\/index.php\/wp-json\/wp\/v2\/tags?post=54028"}],"curies":[{"name":"wp","href":"https:\/\/api.w.org\/{rel}","templated":true}]}}