{"id":54031,"date":"2022-12-14T09:41:24","date_gmt":"2022-12-14T15:41:24","guid":{"rendered":"http:\/\/bambapolitica.com.mx\/?p=54031"},"modified":"2022-12-14T09:41:28","modified_gmt":"2022-12-14T15:41:28","slug":"detienen-a-exdirector-de-radio-y-tv-de-hidalgo-por-perder-concesiones","status":"publish","type":"post","link":"https:\/\/bambapolitica.com.mx\/index.php\/2022\/12\/14\/detienen-a-exdirector-de-radio-y-tv-de-hidalgo-por-perder-concesiones\/","title":{"rendered":"Detienen a exdirector de Radio y TV de Hidalgo por perder concesiones"},"content":{"rendered":"\n<p>mi\u00e9rcoles, 14 de diciembre de 2022<\/p>\n\n\n\n<p>Cristian \u201cG\u201d, exdirector del Sistema Estatal de Radio y Televisi\u00f3n de Hidalgo, fue detenido este mi\u00e9rcoles en la ciudad de Pachuca.<\/p>\n\n\n\n<p><br>Autoridades del estado de Hidalgo detuvieron este mi\u00e9rcoles a Cristian \u201cG\u201d, exdirector del Sistema Estatal de Radio y Televisi\u00f3n de la entidad.<\/p>\n\n\n\n<p>Lo anterior fue informado en redes sociales por el encargado del despacho de la Procuradur\u00eda de Hidalgo, Santiago Nieto Castillo.<\/p>\n\n\n\n<p>\u201cPor el delito de ejercicio indebido del servicio p\u00fablico, fue aprehendido C.D.G. exdirector del Sistema Estatal de Radio y Televisi\u00f3n de Hidalgo\u201d, apunt\u00f3 en su mensaje.<br>Nieto Castillo apunt\u00f3 que el exfuncionario hidalguense \u201cperdi\u00f3 en perjuicio de la poblaci\u00f3n 11 concesiones de radio\u201d, raz\u00f3n por la cual ser\u00e1 presentado ante la autoridad judicial en las pr\u00f3ximas horas para su vinculaci\u00f3n a proceso.<\/p>\n\n\n\n<p>Seg\u00fan medios locales, Cristian \u201cG\u201d fue detenido por agentes de la Polic\u00eda local en calle Mina de las Animas del fraccionamiento Paseos de la Plata, en Pachuca.<\/p>\n\n\n\n<p>El Instituto Federal de Telecomunicaciones (IFT) revoc\u00f3 las concesiones de once de las 12 estaciones del Sistema de Radio y Televisi\u00f3n de Hidalgo, por lo que tuvieron que salir del aire el pasado 28 de noviembre.<\/p>\n\n\n\n<p>Se apunt\u00f3 que bajo la direcci\u00f3n de Cristian \u201cG\u201d fueron omitidos los permisos de renovaci\u00f3n ante el IFT, raz\u00f3n por la cual m\u00e1s de dos millones de hidalguense sufrieron la p\u00e9rdida de estas estaciones, en particular en las zonas rurales de la sierra y la Huasteca hidalguense.<\/p>\n","protected":false},"excerpt":{"rendered":"<p>mi\u00e9rcoles, 14 de diciembre de 2022 Cristian \u201cG\u201d, exdirector del Sistema Estatal de Radio y&#8230;<\/p>\n","protected":false},"author":3,"featured_media":54032,"comment_status":"closed","ping_status":"closed","sticky":false,"template":"","format":"standard","meta":{"footnotes":""},"categories":[4],"tags":[],"class_list":["post-54031","post","type-post","status-publish","format-standard","has-post-thumbnail","hentry","category-noticias-del-dia"],"_links":{"self":[{"href":"https:\/\/bambapolitica.com.mx\/index.php\/wp-json\/wp\/v2\/posts\/54031","targetHints":{"allow":["GET"]}}],"collection":[{"href":"https:\/\/bambapolitica.com.mx\/index.php\/wp-json\/wp\/v2\/posts"}],"about":[{"href":"https:\/\/bambapolitica.com.mx\/index.php\/wp-json\/wp\/v2\/types\/post"}],"author":[{"embeddable":true,"href":"https:\/\/bambapolitica.com.mx\/index.php\/wp-json\/wp\/v2\/users\/3"}],"replies":[{"embeddable":true,"href":"https:\/\/bambapolitica.com.mx\/index.php\/wp-json\/wp\/v2\/comments?post=54031"}],"version-history":[{"count":1,"href":"https:\/\/bambapolitica.com.mx\/index.php\/wp-json\/wp\/v2\/posts\/54031\/revisions"}],"predecessor-version":[{"id":54033,"href":"https:\/\/bambapolitica.com.mx\/index.php\/wp-json\/wp\/v2\/posts\/54031\/revisions\/54033"}],"wp:featuredmedia":[{"embeddable":true,"href":"https:\/\/bambapolitica.com.mx\/index.php\/wp-json\/wp\/v2\/media\/54032"}],"wp:attachment":[{"href":"https:\/\/bambapolitica.com.mx\/index.php\/wp-json\/wp\/v2\/media?parent=54031"}],"wp:term":[{"taxonomy":"category","embeddable":true,"href":"https:\/\/bambapolitica.com.mx\/index.php\/wp-json\/wp\/v2\/categories?post=54031"},{"taxonomy":"post_tag","embeddable":true,"href":"https:\/\/bambapolitica.com.mx\/index.php\/wp-json\/wp\/v2\/tags?post=54031"}],"curies":[{"name":"wp","href":"https:\/\/api.w.org\/{rel}","templated":true}]}}