{"id":54043,"date":"2022-12-15T07:17:34","date_gmt":"2022-12-15T13:17:34","guid":{"rendered":"http:\/\/bambapolitica.com.mx\/?p=54043"},"modified":"2022-12-15T07:17:36","modified_gmt":"2022-12-15T13:17:36","slug":"designan-a-sergio-salmon-como-gobernador-sustituto-de-puebla","status":"publish","type":"post","link":"https:\/\/bambapolitica.com.mx\/index.php\/2022\/12\/15\/designan-a-sergio-salmon-como-gobernador-sustituto-de-puebla\/","title":{"rendered":"Designan a Sergio Salm\u00f3n como gobernador sustituto de Puebla"},"content":{"rendered":"\n<p>Jueves, 15 de diciembre de 2022<\/p>\n\n\n\n<p>Sergio Salom\u00f3n C\u00e9spedes es designado gobernador sustituto de Puebla; estar\u00e1 en el cargo hasta diciembre 2024.<\/p>\n\n\n\n<p><br>Con 38 votos a favor y 1 en contra los diputados del Congreso de Puebla designaron al diputado, Sergio Salom\u00f3n C\u00e9spedes, como nuevo gobernador sustituto.<\/p>\n\n\n\n<p>Estar\u00e1 al frente del gobierno hasta el 13 de diciembre 2024. Es el octavo gobernador de Puebla en seis a\u00f1os.<br>El martes el gobernador constitucinal del estado, Miguel Barbosa, muri\u00f3 en Ciudad de M\u00e9xico despu\u00e9s de ser trasladado en helic\u00f3ptero por problemas de salud.<\/p>\n\n\n\n<p>Este mi\u00e9rcoles se le rindieron tres homenajes de cuerpo presente; en uno de ellos particip\u00f3 el presidente Andr\u00e9s Manuel L\u00f3pez Obrador.<\/p>\n","protected":false},"excerpt":{"rendered":"<p>Jueves, 15 de diciembre de 2022 Sergio Salom\u00f3n C\u00e9spedes es designado gobernador sustituto de Puebla;&#8230;<\/p>\n","protected":false},"author":3,"featured_media":54044,"comment_status":"closed","ping_status":"closed","sticky":false,"template":"","format":"standard","meta":{"footnotes":""},"categories":[4],"tags":[],"class_list":["post-54043","post","type-post","status-publish","format-standard","has-post-thumbnail","hentry","category-noticias-del-dia"],"_links":{"self":[{"href":"https:\/\/bambapolitica.com.mx\/index.php\/wp-json\/wp\/v2\/posts\/54043","targetHints":{"allow":["GET"]}}],"collection":[{"href":"https:\/\/bambapolitica.com.mx\/index.php\/wp-json\/wp\/v2\/posts"}],"about":[{"href":"https:\/\/bambapolitica.com.mx\/index.php\/wp-json\/wp\/v2\/types\/post"}],"author":[{"embeddable":true,"href":"https:\/\/bambapolitica.com.mx\/index.php\/wp-json\/wp\/v2\/users\/3"}],"replies":[{"embeddable":true,"href":"https:\/\/bambapolitica.com.mx\/index.php\/wp-json\/wp\/v2\/comments?post=54043"}],"version-history":[{"count":1,"href":"https:\/\/bambapolitica.com.mx\/index.php\/wp-json\/wp\/v2\/posts\/54043\/revisions"}],"predecessor-version":[{"id":54045,"href":"https:\/\/bambapolitica.com.mx\/index.php\/wp-json\/wp\/v2\/posts\/54043\/revisions\/54045"}],"wp:featuredmedia":[{"embeddable":true,"href":"https:\/\/bambapolitica.com.mx\/index.php\/wp-json\/wp\/v2\/media\/54044"}],"wp:attachment":[{"href":"https:\/\/bambapolitica.com.mx\/index.php\/wp-json\/wp\/v2\/media?parent=54043"}],"wp:term":[{"taxonomy":"category","embeddable":true,"href":"https:\/\/bambapolitica.com.mx\/index.php\/wp-json\/wp\/v2\/categories?post=54043"},{"taxonomy":"post_tag","embeddable":true,"href":"https:\/\/bambapolitica.com.mx\/index.php\/wp-json\/wp\/v2\/tags?post=54043"}],"curies":[{"name":"wp","href":"https:\/\/api.w.org\/{rel}","templated":true}]}}