{"id":54046,"date":"2022-12-15T07:20:49","date_gmt":"2022-12-15T13:20:49","guid":{"rendered":"http:\/\/bambapolitica.com.mx\/?p=54046"},"modified":"2022-12-15T07:20:51","modified_gmt":"2022-12-15T13:20:51","slug":"fiscalia-de-la-ciudad-de-mexico-llama-a-christian-von-roehrich-a-declarar","status":"publish","type":"post","link":"https:\/\/bambapolitica.com.mx\/index.php\/2022\/12\/15\/fiscalia-de-la-ciudad-de-mexico-llama-a-christian-von-roehrich-a-declarar\/","title":{"rendered":"Fiscal\u00eda de la Ciudad de M\u00e9xico llama a Christian Von Roehrich a declarar"},"content":{"rendered":"\n<p>Jueves, 15 de diciembre de 2022<\/p>\n\n\n\n<p>La Fiscal\u00eda capitalina conoci\u00f3 que Christian Von Roehrich busc\u00f3 la protecci\u00f3n de la justicia federal con una solicitud de amparo.<\/p>\n\n\n\n<p><br>La Fiscal\u00eda de la Ciudad de M\u00e9xico llam\u00f3 a Christian Von Roehrich, exalcalde de Benito Ju\u00e1rez, a presentarse a declarar ante la autoridad por la acusaci\u00f3n en su contra por presuntos actos de corrupci\u00f3n en el sector inmobiliario.<\/p>\n\n\n\n<p>En conferencia de prensa, el vocero de la Fiscal\u00eda capitalina, Ulises Lara, expuso que se tiene conocimiento de que el exdelegado busc\u00f3 la protecci\u00f3n de la justicia federal con una solicitud de amparo. \u201cEl que nada debe, nada teme\u201d, manifest\u00f3.<\/p>\n\n\n\n<p>El funcionario capitalino record\u00f3 que un juez de control vincul\u00f3 a proceso a tres ex servidores p\u00fablicos de Benito Ju\u00e1rez por su probable responsabilidad en los delitos de uso ilegal de atribuciones y facultades, as\u00ed como asociaci\u00f3n delictuosa.<\/p>\n\n\n\n<p>Jos\u00e9 Ram\u00f3n \u2018N\u2019, Ismael \u2018N\u2019 y Alejandro \u2018N\u2019 ocuparon cargos p\u00fablicos durante la gesti\u00f3n de Von Roehrich.<\/p>\n\n\n\n<p>A los sujetos se les ratific\u00f3 la prisi\u00f3n preventiva justificada, por lo que deber\u00e1n permanecer en el Reclusorio Preventivo Varonil Norte.<\/p>\n\n\n\n<p>Durante la gesti\u00f3n de Christian \u2018N\u2019 como jefe delegacional, (los imputados) posiblemente autorizaron que se suscribieran contratos con diversas empresas a las que se les pagaron m\u00e1s de 207 millones de pesos, con lo que se gener\u00f3 un da\u00f1o al erario de la Ciudad de M\u00e9xico, ya que las corporaciones con las que se suscribieron dichos documentos no operaban, y por lo tanto, las obras contratadas no se llevaron a cabo\u201d, coment\u00f3 Lara L\u00f3pez.<\/p>\n","protected":false},"excerpt":{"rendered":"<p>Jueves, 15 de diciembre de 2022 La Fiscal\u00eda capitalina conoci\u00f3 que Christian Von Roehrich busc\u00f3&#8230;<\/p>\n","protected":false},"author":3,"featured_media":54047,"comment_status":"closed","ping_status":"closed","sticky":false,"template":"","format":"standard","meta":{"footnotes":""},"categories":[4],"tags":[],"class_list":["post-54046","post","type-post","status-publish","format-standard","has-post-thumbnail","hentry","category-noticias-del-dia"],"_links":{"self":[{"href":"https:\/\/bambapolitica.com.mx\/index.php\/wp-json\/wp\/v2\/posts\/54046","targetHints":{"allow":["GET"]}}],"collection":[{"href":"https:\/\/bambapolitica.com.mx\/index.php\/wp-json\/wp\/v2\/posts"}],"about":[{"href":"https:\/\/bambapolitica.com.mx\/index.php\/wp-json\/wp\/v2\/types\/post"}],"author":[{"embeddable":true,"href":"https:\/\/bambapolitica.com.mx\/index.php\/wp-json\/wp\/v2\/users\/3"}],"replies":[{"embeddable":true,"href":"https:\/\/bambapolitica.com.mx\/index.php\/wp-json\/wp\/v2\/comments?post=54046"}],"version-history":[{"count":1,"href":"https:\/\/bambapolitica.com.mx\/index.php\/wp-json\/wp\/v2\/posts\/54046\/revisions"}],"predecessor-version":[{"id":54048,"href":"https:\/\/bambapolitica.com.mx\/index.php\/wp-json\/wp\/v2\/posts\/54046\/revisions\/54048"}],"wp:featuredmedia":[{"embeddable":true,"href":"https:\/\/bambapolitica.com.mx\/index.php\/wp-json\/wp\/v2\/media\/54047"}],"wp:attachment":[{"href":"https:\/\/bambapolitica.com.mx\/index.php\/wp-json\/wp\/v2\/media?parent=54046"}],"wp:term":[{"taxonomy":"category","embeddable":true,"href":"https:\/\/bambapolitica.com.mx\/index.php\/wp-json\/wp\/v2\/categories?post=54046"},{"taxonomy":"post_tag","embeddable":true,"href":"https:\/\/bambapolitica.com.mx\/index.php\/wp-json\/wp\/v2\/tags?post=54046"}],"curies":[{"name":"wp","href":"https:\/\/api.w.org\/{rel}","templated":true}]}}