{"id":54049,"date":"2022-12-15T07:28:00","date_gmt":"2022-12-15T13:28:00","guid":{"rendered":"http:\/\/bambapolitica.com.mx\/?p=54049"},"modified":"2022-12-15T07:28:02","modified_gmt":"2022-12-15T13:28:02","slug":"jesus-sesma-agrede-a-jorge-gavino-en-el-congreso-de-la-cdmx","status":"publish","type":"post","link":"https:\/\/bambapolitica.com.mx\/index.php\/2022\/12\/15\/jesus-sesma-agrede-a-jorge-gavino-en-el-congreso-de-la-cdmx\/","title":{"rendered":"Jes\u00fas Sesma agrede a Jorge Gavi\u00f1o en el Congreso de la CDMX"},"content":{"rendered":"\n<p>Jueves, 15 de diciembre de 2022<\/p>\n\n\n\n<p>Jes\u00fas Sesma y Jorge Gavi\u00f1o protagonizaron una pelea en el Congreso de la CIudad de M\u00e9xico que lleg\u00f3 a los golpes.<\/p>\n\n\n\n<p><br>Jes\u00fas Sesma y Jorge Gavi\u00f1o, diputados de la Ciudad de M\u00e9xico del Verde Ecologista y del PRD, protagonizaron una pelea que lleg\u00f3 a los golpes en el Congreso capitalino debido a que no se aprob\u00f3 la integraci\u00f3n del dictamen para crear la Ley de Bienestar Animal de la capital en la sesi\u00f3n de esta noche.<br>Sesma solicit\u00f3 la inclusi\u00f3n de la iniciativa este mismo mi\u00e9rcoles, pero diputados del PAN, PRI, PRD, entre ellos Gavi\u00f1o, votaron en abstenci\u00f3n, por lo que no pas\u00f3.<\/p>\n\n\n\n<p><br>El legislador del Verde denunci\u00f3 que su compa\u00f1ero perredista le prometi\u00f3 votar a favor de incluir el dictamen.<br>Por lo anterior, cuando los legisladores se encontraron, Sesma arremeti\u00f3 contra Gavi\u00f1o y lo insult\u00f3.<\/p>\n\n\n\n<p>El diputado perredista empuj\u00f3 al del Verde y este, en respuesta, lo pate\u00f3. Otros legisladores intervinieron para evitar m\u00e1s golpes.<\/p>\n\n\n\n<p>Tras el conflicto, Sesma insisti\u00f3 en que Gavi\u00f1o no tiene palabra.<\/p>\n\n\n\n<p>Por su parte, el tambi\u00e9n exdirector del Metro asegur\u00f3 que nunca comprometi\u00f3 su voto para que el dictamen se incluyera en el orden del d\u00eda, y denunci\u00f3 que Sesma lo busc\u00f3 en su oficina para reclamarle.<\/p>\n\n\n\n<p>El perredista asegur\u00f3 que est\u00e1 dispuesto a discutir el tema de los derechos de los animales, \u201cpero si llegan y te agreden, yo no soy una gente violenta, procuro no serlo, pero nosotros tampoco somos agachones\u201d.<\/p>\n","protected":false},"excerpt":{"rendered":"<p>Jueves, 15 de diciembre de 2022 Jes\u00fas Sesma y Jorge Gavi\u00f1o protagonizaron una pelea en&#8230;<\/p>\n","protected":false},"author":3,"featured_media":54050,"comment_status":"closed","ping_status":"closed","sticky":false,"template":"","format":"standard","meta":{"footnotes":""},"categories":[4],"tags":[],"class_list":["post-54049","post","type-post","status-publish","format-standard","has-post-thumbnail","hentry","category-noticias-del-dia"],"_links":{"self":[{"href":"https:\/\/bambapolitica.com.mx\/index.php\/wp-json\/wp\/v2\/posts\/54049","targetHints":{"allow":["GET"]}}],"collection":[{"href":"https:\/\/bambapolitica.com.mx\/index.php\/wp-json\/wp\/v2\/posts"}],"about":[{"href":"https:\/\/bambapolitica.com.mx\/index.php\/wp-json\/wp\/v2\/types\/post"}],"author":[{"embeddable":true,"href":"https:\/\/bambapolitica.com.mx\/index.php\/wp-json\/wp\/v2\/users\/3"}],"replies":[{"embeddable":true,"href":"https:\/\/bambapolitica.com.mx\/index.php\/wp-json\/wp\/v2\/comments?post=54049"}],"version-history":[{"count":1,"href":"https:\/\/bambapolitica.com.mx\/index.php\/wp-json\/wp\/v2\/posts\/54049\/revisions"}],"predecessor-version":[{"id":54051,"href":"https:\/\/bambapolitica.com.mx\/index.php\/wp-json\/wp\/v2\/posts\/54049\/revisions\/54051"}],"wp:featuredmedia":[{"embeddable":true,"href":"https:\/\/bambapolitica.com.mx\/index.php\/wp-json\/wp\/v2\/media\/54050"}],"wp:attachment":[{"href":"https:\/\/bambapolitica.com.mx\/index.php\/wp-json\/wp\/v2\/media?parent=54049"}],"wp:term":[{"taxonomy":"category","embeddable":true,"href":"https:\/\/bambapolitica.com.mx\/index.php\/wp-json\/wp\/v2\/categories?post=54049"},{"taxonomy":"post_tag","embeddable":true,"href":"https:\/\/bambapolitica.com.mx\/index.php\/wp-json\/wp\/v2\/tags?post=54049"}],"curies":[{"name":"wp","href":"https:\/\/api.w.org\/{rel}","templated":true}]}}