{"id":54064,"date":"2022-12-15T08:07:30","date_gmt":"2022-12-15T14:07:30","guid":{"rendered":"http:\/\/bambapolitica.com.mx\/?p=54064"},"modified":"2022-12-16T09:31:36","modified_gmt":"2022-12-16T15:31:36","slug":"localizan-cuerpo-de-coronel-jose-isidro-grimaldo-en-jalisco","status":"publish","type":"post","link":"https:\/\/bambapolitica.com.mx\/index.php\/2022\/12\/15\/localizan-cuerpo-de-coronel-jose-isidro-grimaldo-en-jalisco\/","title":{"rendered":"Localizan cuerpo de coronel Jos\u00e9 Isidro Grimaldo en Jalisco"},"content":{"rendered":"\n<p>Viernes, 16 de diciembre de 2022<\/p>\n\n\n\n<p>La desaparici\u00f3n del coronel se hab\u00eda reportado del martes pasado cuando se dirig\u00eda en el trayecto de Tlapa, Jalisco, a Zacatecas.<\/p>\n\n\n\n<p><br>El cuerpo del coronel Jos\u00e9 Isidro Grimaldo Mu\u00f1oz, quien hab\u00eda desaparecido el martes pasado cuando se dirig\u00eda de Jalisco a Zacatecas fue localizado en Guadalajara.<\/p>\n\n\n\n<p>La desaparici\u00f3n del coronel se hab\u00eda reportado del martes pasado cuando se dirig\u00eda en el trayecto de Tlapa, Jalisco, a Zacatecas.<\/p>\n\n\n\n<p>Previamente, las autoridades locales confirmaron que ya fue localizado el veh\u00edculo del coronel en el municipio de Tonal\u00e1.<br>Al localizar el veh\u00edculo se le apreciaba un medall\u00f3n y un cristal del asiento de pasajero rotos.<\/p>\n\n\n\n<p>Se detall\u00f3 que no se aprecian disparos u otras huellas de violencia, en el veh\u00edculo.<\/p>\n\n\n\n<p>Medios locales detallaron que exist\u00eda la posibilidad de que el coronel hubiera sido secuestrado por el crimen organizado.<\/p>\n\n\n\n<p>El cuerpo fue localizado con huellas de tortura, adem\u00e1s se encontr\u00f3 el tel\u00e9fono personal del mando militar, as\u00ed como su arma de cargo.<\/p>\n","protected":false},"excerpt":{"rendered":"<p>Viernes, 16 de diciembre de 2022 La desaparici\u00f3n del coronel se hab\u00eda reportado del martes&#8230;<\/p>\n","protected":false},"author":3,"featured_media":54065,"comment_status":"closed","ping_status":"closed","sticky":false,"template":"","format":"standard","meta":{"footnotes":""},"categories":[2],"tags":[],"class_list":["post-54064","post","type-post","status-publish","format-standard","has-post-thumbnail","hentry","category-policiaca"],"_links":{"self":[{"href":"https:\/\/bambapolitica.com.mx\/index.php\/wp-json\/wp\/v2\/posts\/54064","targetHints":{"allow":["GET"]}}],"collection":[{"href":"https:\/\/bambapolitica.com.mx\/index.php\/wp-json\/wp\/v2\/posts"}],"about":[{"href":"https:\/\/bambapolitica.com.mx\/index.php\/wp-json\/wp\/v2\/types\/post"}],"author":[{"embeddable":true,"href":"https:\/\/bambapolitica.com.mx\/index.php\/wp-json\/wp\/v2\/users\/3"}],"replies":[{"embeddable":true,"href":"https:\/\/bambapolitica.com.mx\/index.php\/wp-json\/wp\/v2\/comments?post=54064"}],"version-history":[{"count":3,"href":"https:\/\/bambapolitica.com.mx\/index.php\/wp-json\/wp\/v2\/posts\/54064\/revisions"}],"predecessor-version":[{"id":54125,"href":"https:\/\/bambapolitica.com.mx\/index.php\/wp-json\/wp\/v2\/posts\/54064\/revisions\/54125"}],"wp:featuredmedia":[{"embeddable":true,"href":"https:\/\/bambapolitica.com.mx\/index.php\/wp-json\/wp\/v2\/media\/54065"}],"wp:attachment":[{"href":"https:\/\/bambapolitica.com.mx\/index.php\/wp-json\/wp\/v2\/media?parent=54064"}],"wp:term":[{"taxonomy":"category","embeddable":true,"href":"https:\/\/bambapolitica.com.mx\/index.php\/wp-json\/wp\/v2\/categories?post=54064"},{"taxonomy":"post_tag","embeddable":true,"href":"https:\/\/bambapolitica.com.mx\/index.php\/wp-json\/wp\/v2\/tags?post=54064"}],"curies":[{"name":"wp","href":"https:\/\/api.w.org\/{rel}","templated":true}]}}