{"id":54070,"date":"2022-12-15T08:31:31","date_gmt":"2022-12-15T14:31:31","guid":{"rendered":"http:\/\/bambapolitica.com.mx\/?p=54070"},"modified":"2022-12-16T09:32:18","modified_gmt":"2022-12-16T15:32:18","slug":"rescatan-a-nino-de-4-anos-presuntamente-secuestrado-en-el-centro-de-monterrey","status":"publish","type":"post","link":"https:\/\/bambapolitica.com.mx\/index.php\/2022\/12\/15\/rescatan-a-nino-de-4-anos-presuntamente-secuestrado-en-el-centro-de-monterrey\/","title":{"rendered":"Rescatan a ni\u00f1o de 4 a\u00f1os presuntamente secuestrado en el centro de Monterrey"},"content":{"rendered":"\n<p>Viernes, 16 de diciembre de 2022<\/p>\n\n\n\n<p>Aparentemente, el menor junto a un joven de 15 a\u00f1os estaba en un veh\u00edculo estacionado cuando una pareja lleg\u00f3 y los amenaz\u00f3 con un arma blanca.<br>Un menor de 4 a\u00f1os fue rescatado y una mujer detenida por su presunta privaci\u00f3n de la libertad en calles del centro de Monterrey.<\/p>\n\n\n\n<p>Aparentemente, la v\u00edctima junto a otro menor de 15 a\u00f1os estaba en un veh\u00edculo estacionado cuando una pareja lleg\u00f3 y los amenaz\u00f3 con un arma blanca para que les entregaran el celular, sin embargo, la mujer sustrajo al peque\u00f1o.<br>Tras percatarse de lo ocurrido, la madre del menor dio aviso a la Polic\u00eda de Monterrey, quienes le dieron alcance en el cruce de Ruperto Mart\u00ednez y Porfirio D\u00edaz.<\/p>\n\n\n\n<p>La mujer qued\u00f3 a disposici\u00f3n de las autoridades mientras que su c\u00f3mplice logr\u00f3 huir con el tel\u00e9fono celular.<\/p>\n\n\n\n<p>\u00bfEn qu\u00e9 consiste el delito de secuestro?<br>El delito de secuestro consiste en privar de la libertad a una persona, sin importar el tiempo que esto dure, con el objetivo de obtener un rescate, obligar a la autoridad o a un particular a que realice o deje de realizar una funci\u00f3n o acto, causar un da\u00f1o o perjuicio a cualquier persona o cualquier otro beneficio de cualquier naturaleza.<\/p>\n\n\n\n<p>\u00bfD\u00f3nde puedo denunciar la desaparici\u00f3n de una persona?<br>Deber\u00e1s ir en persona a una agencia del ministerio p\u00fablico. En algunos estados existen agencias especializadas en el delito de secuestro. Por la gravedad del caso, el ministerio p\u00fablico no podr\u00e1 negarse a tomar tu denuncia y en caso de que exista una fiscal\u00eda especializada para el delito de secuestro, el ministerio p\u00fablico deber\u00e1 derivarte y ayudarte a que hagas tu denuncia en la agencia que corresponde.<\/p>\n","protected":false},"excerpt":{"rendered":"<p>Viernes, 16 de diciembre de 2022 Aparentemente, el menor junto a un joven de 15&#8230;<\/p>\n","protected":false},"author":3,"featured_media":54071,"comment_status":"closed","ping_status":"closed","sticky":false,"template":"","format":"standard","meta":{"footnotes":""},"categories":[2],"tags":[],"class_list":["post-54070","post","type-post","status-publish","format-standard","has-post-thumbnail","hentry","category-policiaca"],"_links":{"self":[{"href":"https:\/\/bambapolitica.com.mx\/index.php\/wp-json\/wp\/v2\/posts\/54070","targetHints":{"allow":["GET"]}}],"collection":[{"href":"https:\/\/bambapolitica.com.mx\/index.php\/wp-json\/wp\/v2\/posts"}],"about":[{"href":"https:\/\/bambapolitica.com.mx\/index.php\/wp-json\/wp\/v2\/types\/post"}],"author":[{"embeddable":true,"href":"https:\/\/bambapolitica.com.mx\/index.php\/wp-json\/wp\/v2\/users\/3"}],"replies":[{"embeddable":true,"href":"https:\/\/bambapolitica.com.mx\/index.php\/wp-json\/wp\/v2\/comments?post=54070"}],"version-history":[{"count":3,"href":"https:\/\/bambapolitica.com.mx\/index.php\/wp-json\/wp\/v2\/posts\/54070\/revisions"}],"predecessor-version":[{"id":54127,"href":"https:\/\/bambapolitica.com.mx\/index.php\/wp-json\/wp\/v2\/posts\/54070\/revisions\/54127"}],"wp:featuredmedia":[{"embeddable":true,"href":"https:\/\/bambapolitica.com.mx\/index.php\/wp-json\/wp\/v2\/media\/54071"}],"wp:attachment":[{"href":"https:\/\/bambapolitica.com.mx\/index.php\/wp-json\/wp\/v2\/media?parent=54070"}],"wp:term":[{"taxonomy":"category","embeddable":true,"href":"https:\/\/bambapolitica.com.mx\/index.php\/wp-json\/wp\/v2\/categories?post=54070"},{"taxonomy":"post_tag","embeddable":true,"href":"https:\/\/bambapolitica.com.mx\/index.php\/wp-json\/wp\/v2\/tags?post=54070"}],"curies":[{"name":"wp","href":"https:\/\/api.w.org\/{rel}","templated":true}]}}