{"id":54082,"date":"2022-12-15T10:03:25","date_gmt":"2022-12-15T16:03:25","guid":{"rendered":"http:\/\/bambapolitica.com.mx\/?p=54082"},"modified":"2022-12-15T10:03:28","modified_gmt":"2022-12-15T16:03:28","slug":"arizona-cesa-colocacion-de-muro-de-contenedores-en-frontera-con-mexico","status":"publish","type":"post","link":"https:\/\/bambapolitica.com.mx\/index.php\/2022\/12\/15\/arizona-cesa-colocacion-de-muro-de-contenedores-en-frontera-con-mexico\/","title":{"rendered":"Arizona cesa colocaci\u00f3n de muro de contenedores en frontera con M\u00e9xico"},"content":{"rendered":"\n<p>Jueves, 15 de diciembre de 2022<\/p>\n\n\n\n<p>El Gobierno de Arizona, encabezado por Doug Ducey, dijo estar dispuesto a \u201ccooperar\u201d en el retiro del muro hecho con contenedores<br>El estado de Arizona anunci\u00f3 que ha cesado la colocaci\u00f3n del muro de contenedores met\u00e1licos en la frontera con M\u00e9xico y asegur\u00f3 estar dispuesto a \u201ccooperar\u201d en su retiro, al tiempo que el Gobierno de Estados Unidos present\u00f3 hoy una demanda en su contra por la instalaci\u00f3n de la barrera en tierras federales.<\/p>\n\n\n\n<p>\u201cLa colocaci\u00f3n de contenedores como una barrera siempre fue una soluci\u00f3n temporal hasta que el Gobierno federal erija una soluci\u00f3n permanente\u201d, indic\u00f3 Annie Foster, abogada general de la oficina del gobernador Doug Ducey, en una carta enviada al Departamento de Justicia de Estados Unidos.<\/p>\n\n\n\n<p>Foster indic\u00f3 en la misiva que la colocaci\u00f3n de los contenedores ha cesado y que agencias de Arizona y contratistas est\u00e1n \u201clistos\u201d para asistir en el retiro de los mismos cuando el Gobierno federal cierre las brechas existentes en el muro fronterizo.<\/p>\n\n\n\n<p>El Gobierno federal le debe a los arizonenses y a todos los estadounidenses presentar un cronograma del inicio de la construcci\u00f3n para cerrar los huecos dejados en el muro fronterizo y detalles de c\u00f3mo se asegurar\u00e1 la frontera mientras la construcci\u00f3n se lleva a cabo\u201d, se\u00f1al\u00f3.<\/p>\n\n\n\n<p>La oficina de Ducey niega las acusaciones de que la barrera presenta un serio peligro para la seguridad p\u00fablica y que da\u00f1an el medioambiente.<\/p>\n\n\n\n<p>Afirma que despu\u00e9s de que el presidente Joe Biden ordenara frenar la construcci\u00f3n del muro fronterizo las tierras p\u00fablicas en Arizona \u201cr\u00e1pidamente\u201d se convirtieron en \u201cr\u00edos\u201d de ropa y objetos abandonados por migrantes que continuamente cruzan la frontera desde M\u00e9xico de forma irregular.<\/p>\n\n\n\n<p>Tambi\u00e9n niega las acusaciones de que la barrera interfiere con el trabajo de agencias federales, asegurando que oficiales de la Oficina de Aduanas y Protecci\u00f3n Fronteriza (CBP) han dicho que la barrera de contenedores les ha ayudado a retomar el control de la regi\u00f3n.<\/p>\n\n\n\n<p>En agosto pasado el republicano Ducey orden\u00f3 la colocaci\u00f3n de los contenedores en la frontera de Yuma, donde existen por lo menos diez brechas entre segmentos del muro.<\/p>\n\n\n\n<p>La colocaci\u00f3n de los contenedores, dispuestos uno sobre otro hasta una altura superior a cinco metros, se extendi\u00f3 a otras \u00e1reas dentro del condado de Cochise, lo cual provoc\u00f3 protestas y cr\u00edticas de defensores del medioambiente.<\/p>\n\n\n\n<p>Ducey termina su mandato el pr\u00f3ximo 2 de enero, cuando jurar\u00e1 la dem\u00f3crata Katie Hobbs, quien se impuso en las elecciones en noviembre a su oponente republicana, Kari Lake.<br>El anuncio del cese de la colocaci\u00f3n de la barrera llega al tiempo que el Departamento de Justicia de EE.UU. y defensores del medioambiente presentaron hoy demanda en una corte federal contra el estado de Arizona por la instalaci\u00f3n de los contenedores dentro de tierras nacionales.<\/p>\n\n\n\n<p>La querella sostiene que \u201cde forma ilegal y sin autorizaci\u00f3n, Arizona no ha removido los contenedores de tierras propiedad de Estados Unidos o sobre las que Estados Unidos tiene el usufructo\u201d.<\/p>\n\n\n\n<p>\u201cEste debe ser el comienzo del fin del ilegal asalto de Doug Ducey contra terreno silvestre nacional y la vida salvaje en peligro\u201d, dijo en una declaraci\u00f3n Russ McSpadden, representante del Centro para la Diversidad Biol\u00f3gica. \u201cEsperamos que un juez ponga fin r\u00e1pidameNte a este inhumano e insensato ardid publicitario\u201d, a\u00f1adi\u00f3.<\/p>\n","protected":false},"excerpt":{"rendered":"<p>Jueves, 15 de diciembre de 2022 El Gobierno de Arizona, encabezado por Doug Ducey, dijo&#8230;<\/p>\n","protected":false},"author":3,"featured_media":54083,"comment_status":"closed","ping_status":"closed","sticky":false,"template":"","format":"standard","meta":{"footnotes":""},"categories":[5],"tags":[],"class_list":["post-54082","post","type-post","status-publish","format-standard","has-post-thumbnail","hentry","category-internacional"],"_links":{"self":[{"href":"https:\/\/bambapolitica.com.mx\/index.php\/wp-json\/wp\/v2\/posts\/54082","targetHints":{"allow":["GET"]}}],"collection":[{"href":"https:\/\/bambapolitica.com.mx\/index.php\/wp-json\/wp\/v2\/posts"}],"about":[{"href":"https:\/\/bambapolitica.com.mx\/index.php\/wp-json\/wp\/v2\/types\/post"}],"author":[{"embeddable":true,"href":"https:\/\/bambapolitica.com.mx\/index.php\/wp-json\/wp\/v2\/users\/3"}],"replies":[{"embeddable":true,"href":"https:\/\/bambapolitica.com.mx\/index.php\/wp-json\/wp\/v2\/comments?post=54082"}],"version-history":[{"count":1,"href":"https:\/\/bambapolitica.com.mx\/index.php\/wp-json\/wp\/v2\/posts\/54082\/revisions"}],"predecessor-version":[{"id":54084,"href":"https:\/\/bambapolitica.com.mx\/index.php\/wp-json\/wp\/v2\/posts\/54082\/revisions\/54084"}],"wp:featuredmedia":[{"embeddable":true,"href":"https:\/\/bambapolitica.com.mx\/index.php\/wp-json\/wp\/v2\/media\/54083"}],"wp:attachment":[{"href":"https:\/\/bambapolitica.com.mx\/index.php\/wp-json\/wp\/v2\/media?parent=54082"}],"wp:term":[{"taxonomy":"category","embeddable":true,"href":"https:\/\/bambapolitica.com.mx\/index.php\/wp-json\/wp\/v2\/categories?post=54082"},{"taxonomy":"post_tag","embeddable":true,"href":"https:\/\/bambapolitica.com.mx\/index.php\/wp-json\/wp\/v2\/tags?post=54082"}],"curies":[{"name":"wp","href":"https:\/\/api.w.org\/{rel}","templated":true}]}}