{"id":54085,"date":"2022-12-15T21:08:33","date_gmt":"2022-12-16T03:08:33","guid":{"rendered":"http:\/\/bambapolitica.com.mx\/?p=54085"},"modified":"2022-12-15T21:08:36","modified_gmt":"2022-12-16T03:08:36","slug":"ejecutan-al-director-de-proteccion-civil-de-los-reyes-la-paz-bernardo-corona-corona","status":"publish","type":"post","link":"https:\/\/bambapolitica.com.mx\/index.php\/2022\/12\/15\/ejecutan-al-director-de-proteccion-civil-de-los-reyes-la-paz-bernardo-corona-corona\/","title":{"rendered":"Ejecutan al director de protecci\u00f3n civil de los reyes La Paz Bernardo corona corona !!!"},"content":{"rendered":"\n<p>15\u00a0 Diciembre 2022.<\/p>\n\n\n\n<p>De acuerdo a la informaci\u00f3n que surge de la direcci\u00f3n de Comunicaci\u00f3n Social local, el crimen del funcionario Bernardo Corona director de Protecci\u00f3n Civil, se dio durante una celebraci\u00f3n al interior de su domicilio.<\/p>\n\n\n\n<p>Agrega el comunicado, que elementos de seguridad p\u00fablica de este municipio realizan ya las correspondientes investigaciones tras el atentado luego de recibir una llamada a los n\u00fameros de emergencia en donde se reportaron detonaciones provocados por arma de fuego, en la calle 17, en la colonia, Valle de Los Reyes.<\/p>\n\n\n\n<p>Los elementos de la polic\u00eda preventiva a su llegada aun encontraron con vida al director de Protecci\u00f3n Civil, Bernardo Corona a quien r\u00e1pidamente trasladaron a la cl\u00ednica 53.<\/p>\n\n\n\n<p>Tambi\u00e9n se dio a conocer por la dependencia de Comunicaci\u00f3n Social, que elementos de la FGJEM (Fiscal\u00eda General de Justicia del Estado de Mexico) ya iniciaron las investigaciones para dar con los responsables del asesinato del funcionario que seg\u00fan se sabe fue abatido a balazos&nbsp;<\/p>\n","protected":false},"excerpt":{"rendered":"<p>15\u00a0 Diciembre 2022. De acuerdo a la informaci\u00f3n que surge de la direcci\u00f3n de Comunicaci\u00f3n&#8230;<\/p>\n","protected":false},"author":3,"featured_media":54086,"comment_status":"closed","ping_status":"closed","sticky":false,"template":"","format":"standard","meta":{"footnotes":""},"categories":[4],"tags":[],"class_list":["post-54085","post","type-post","status-publish","format-standard","has-post-thumbnail","hentry","category-noticias-del-dia"],"_links":{"self":[{"href":"https:\/\/bambapolitica.com.mx\/index.php\/wp-json\/wp\/v2\/posts\/54085","targetHints":{"allow":["GET"]}}],"collection":[{"href":"https:\/\/bambapolitica.com.mx\/index.php\/wp-json\/wp\/v2\/posts"}],"about":[{"href":"https:\/\/bambapolitica.com.mx\/index.php\/wp-json\/wp\/v2\/types\/post"}],"author":[{"embeddable":true,"href":"https:\/\/bambapolitica.com.mx\/index.php\/wp-json\/wp\/v2\/users\/3"}],"replies":[{"embeddable":true,"href":"https:\/\/bambapolitica.com.mx\/index.php\/wp-json\/wp\/v2\/comments?post=54085"}],"version-history":[{"count":1,"href":"https:\/\/bambapolitica.com.mx\/index.php\/wp-json\/wp\/v2\/posts\/54085\/revisions"}],"predecessor-version":[{"id":54087,"href":"https:\/\/bambapolitica.com.mx\/index.php\/wp-json\/wp\/v2\/posts\/54085\/revisions\/54087"}],"wp:featuredmedia":[{"embeddable":true,"href":"https:\/\/bambapolitica.com.mx\/index.php\/wp-json\/wp\/v2\/media\/54086"}],"wp:attachment":[{"href":"https:\/\/bambapolitica.com.mx\/index.php\/wp-json\/wp\/v2\/media?parent=54085"}],"wp:term":[{"taxonomy":"category","embeddable":true,"href":"https:\/\/bambapolitica.com.mx\/index.php\/wp-json\/wp\/v2\/categories?post=54085"},{"taxonomy":"post_tag","embeddable":true,"href":"https:\/\/bambapolitica.com.mx\/index.php\/wp-json\/wp\/v2\/tags?post=54085"}],"curies":[{"name":"wp","href":"https:\/\/api.w.org\/{rel}","templated":true}]}}