{"id":54089,"date":"2022-12-16T08:29:12","date_gmt":"2022-12-16T14:29:12","guid":{"rendered":"http:\/\/bambapolitica.com.mx\/?p=54089"},"modified":"2022-12-16T08:29:16","modified_gmt":"2022-12-16T14:29:16","slug":"atentan-contra-el-periodista-ciro-gomez-leyva-se-encuentra-a-salvo","status":"publish","type":"post","link":"https:\/\/bambapolitica.com.mx\/index.php\/2022\/12\/16\/atentan-contra-el-periodista-ciro-gomez-leyva-se-encuentra-a-salvo\/","title":{"rendered":"Atentan contra el periodista Ciro G\u00f3mez Leyva; se encuentra a salvo"},"content":{"rendered":"\n<p>Viernes, 16 de diciembre de 2022<\/p>\n\n\n\n<p>\u201cMe salv\u00f3 el blindaje de mi camioneta que yo manejaba y he enterado el asunto a las autoridades\u201d, destac\u00f3 Ciro G\u00f3mez Leyva.<\/p>\n\n\n\n<p><br>Esta noche el periodista Ciro G\u00f3mez Leyva denunci\u00f3 que a las 11:10 pm, a 200 metros de su casa, dos personas en una motocicleta le dispararon \u201cal parecer con la clara intenci\u00f3n de matarme\u201d.<br>\u201cMe salv\u00f3 el blindaje de mi camioneta que yo manejaba y he enterado el asunto a las autoridades\u201d, destac\u00f3.<br>La jefa de Gobierno de Ciudad de M\u00e9xico, Claudia Sheiunbaum, se\u00f1al\u00f3 que ya habl\u00f3 con Ciro G\u00f3mez Leyva e iniciaron las investigaciones para dar con los agresores.<br>El secretario de Seguridad P\u00fablica de Ciudad de M\u00e9xico, Omar Garc\u00eda Harfuch, se comprometi\u00f3 a dar con los agresores de Ciro G\u00f3mez Leyva.<br>La organizaci\u00f3n Article 19 exigi\u00f3o a las autoridades reforzar la protecci\u00f3n a Ciro G\u00f3mez Leyva y \u201cgarantizar una investigaci\u00f3n diligente\u201d.<br>Ciro G\u00f3mez Leyva estudi\u00f3 periodismo en la Universidad Iberoamericana y cuenta con posgrado en sociolog\u00eda por la Facultad de Ciencias Pol\u00edticas y Sociales de la Universidad Nacional Aut\u00f3noma de M\u00e9xico.<\/p>\n\n\n\n<p>Ha colaborado con m\u00faltiples medios de circulaci\u00f3n nacional, entre ellos CNI Canal 40, Milenio Diario, Grupo Reforma y El Financiero.<\/p>\n","protected":false},"excerpt":{"rendered":"<p>Viernes, 16 de diciembre de 2022 \u201cMe salv\u00f3 el blindaje de mi camioneta que yo&#8230;<\/p>\n","protected":false},"author":3,"featured_media":54090,"comment_status":"closed","ping_status":"closed","sticky":false,"template":"","format":"standard","meta":{"footnotes":""},"categories":[4],"tags":[],"class_list":["post-54089","post","type-post","status-publish","format-standard","has-post-thumbnail","hentry","category-noticias-del-dia"],"_links":{"self":[{"href":"https:\/\/bambapolitica.com.mx\/index.php\/wp-json\/wp\/v2\/posts\/54089","targetHints":{"allow":["GET"]}}],"collection":[{"href":"https:\/\/bambapolitica.com.mx\/index.php\/wp-json\/wp\/v2\/posts"}],"about":[{"href":"https:\/\/bambapolitica.com.mx\/index.php\/wp-json\/wp\/v2\/types\/post"}],"author":[{"embeddable":true,"href":"https:\/\/bambapolitica.com.mx\/index.php\/wp-json\/wp\/v2\/users\/3"}],"replies":[{"embeddable":true,"href":"https:\/\/bambapolitica.com.mx\/index.php\/wp-json\/wp\/v2\/comments?post=54089"}],"version-history":[{"count":1,"href":"https:\/\/bambapolitica.com.mx\/index.php\/wp-json\/wp\/v2\/posts\/54089\/revisions"}],"predecessor-version":[{"id":54091,"href":"https:\/\/bambapolitica.com.mx\/index.php\/wp-json\/wp\/v2\/posts\/54089\/revisions\/54091"}],"wp:featuredmedia":[{"embeddable":true,"href":"https:\/\/bambapolitica.com.mx\/index.php\/wp-json\/wp\/v2\/media\/54090"}],"wp:attachment":[{"href":"https:\/\/bambapolitica.com.mx\/index.php\/wp-json\/wp\/v2\/media?parent=54089"}],"wp:term":[{"taxonomy":"category","embeddable":true,"href":"https:\/\/bambapolitica.com.mx\/index.php\/wp-json\/wp\/v2\/categories?post=54089"},{"taxonomy":"post_tag","embeddable":true,"href":"https:\/\/bambapolitica.com.mx\/index.php\/wp-json\/wp\/v2\/tags?post=54089"}],"curies":[{"name":"wp","href":"https:\/\/api.w.org\/{rel}","templated":true}]}}