{"id":54092,"date":"2022-12-16T08:33:21","date_gmt":"2022-12-16T14:33:21","guid":{"rendered":"http:\/\/bambapolitica.com.mx\/?p=54092"},"modified":"2022-12-16T08:33:23","modified_gmt":"2022-12-16T14:33:23","slug":"fgj-cdmx-abre-investigacion-por-ataque-contra-periodista-ciro-gomez-leyva","status":"publish","type":"post","link":"https:\/\/bambapolitica.com.mx\/index.php\/2022\/12\/16\/fgj-cdmx-abre-investigacion-por-ataque-contra-periodista-ciro-gomez-leyva\/","title":{"rendered":"FGJ CDMX abre investigaci\u00f3n por ataque contra periodista Ciro G\u00f3mez Leyva"},"content":{"rendered":"\n<p>Viernes, 16 de diciembre de 2022<\/p>\n\n\n\n<p>El jueves por la noche, el periodista Ciro G\u00f3mez Leyva sufri\u00f3 cerca de su domicilio en la CDMX un ataque a balazos<\/p>\n\n\n\n<p><br>La Fiscal\u00eda General de Justicia de la Ciudad de M\u00e9xico (FGJ CDMX) inici\u00f3 una carpeta de investigaci\u00f3n por el ataque a balazos que sufri\u00f3 este jueves por la noche el periodista Ciro G\u00f3mez Leyva.<br>\u201cIniciamos una investigaci\u00f3n, por noticia criminal, por los hechos ocurridos esta noche en agravio del periodista @CiroGomezL\u201d, apunt\u00f3 en su cuenta de Twitter la Fiscal\u00eda Capitalia.<\/p>\n\n\n\n<p>El jueves por la noche, G\u00f3mez Leyva denunci\u00f3 que aproximadamente a las 23:10 h, tan solo a 200 metros de su domicilio, dos personas que se trasladan en una motocicleta le dispararon \u201cal parecer con la clara intenci\u00f3n de matarme\u201d.<br>\u201cMe salv\u00f3 el blindaje de mi camioneta que yo manejaba y he enterado el asunto a las autoridades\u201d, apunt\u00f3 el periodista, quien minutos minutos despu\u00e9s de lo ocurrido subi\u00f3 a sus redes sociales fotos de la agresi\u00f3n armada.<\/p>\n\n\n\n<p>\u201cAgradezco sus mensajes. Me salv\u00f3 el blindaje de la camioneta\u201d, inform\u00f3 el comunicador.<\/p>\n\n\n\n<p>Claudia Sheinbaum, jefa de Gobierno de la Ciudad de M\u00e9xico ofreci\u00f3 brindar protecci\u00f3n al periodista tras lo ocurrido.<br>\u201cAcabo de hablar con Ciro G\u00f3mez Leyva, estamos brind\u00e1ndole, a trav\u00e9s de la SSC CDMX protecci\u00f3n e iniciando investigaciones con c\u00e1maras del C5. Nuestra solidaridad y apoyo\u201d, apunt\u00f3 en su cuenta de Twitter.<\/p>\n\n\n\n<p>Omar Garc\u00eda Harfuch, titular de la Secretar\u00eda de Seguridad Ciudadana de la CDMX (SSC CDMX), detall\u00f3 que se detendr\u00e1n a los responsables de este hecho.<\/p>\n","protected":false},"excerpt":{"rendered":"<p>Viernes, 16 de diciembre de 2022 El jueves por la noche, el periodista Ciro G\u00f3mez&#8230;<\/p>\n","protected":false},"author":3,"featured_media":54093,"comment_status":"closed","ping_status":"closed","sticky":false,"template":"","format":"standard","meta":{"footnotes":""},"categories":[4],"tags":[],"class_list":["post-54092","post","type-post","status-publish","format-standard","has-post-thumbnail","hentry","category-noticias-del-dia"],"_links":{"self":[{"href":"https:\/\/bambapolitica.com.mx\/index.php\/wp-json\/wp\/v2\/posts\/54092","targetHints":{"allow":["GET"]}}],"collection":[{"href":"https:\/\/bambapolitica.com.mx\/index.php\/wp-json\/wp\/v2\/posts"}],"about":[{"href":"https:\/\/bambapolitica.com.mx\/index.php\/wp-json\/wp\/v2\/types\/post"}],"author":[{"embeddable":true,"href":"https:\/\/bambapolitica.com.mx\/index.php\/wp-json\/wp\/v2\/users\/3"}],"replies":[{"embeddable":true,"href":"https:\/\/bambapolitica.com.mx\/index.php\/wp-json\/wp\/v2\/comments?post=54092"}],"version-history":[{"count":1,"href":"https:\/\/bambapolitica.com.mx\/index.php\/wp-json\/wp\/v2\/posts\/54092\/revisions"}],"predecessor-version":[{"id":54094,"href":"https:\/\/bambapolitica.com.mx\/index.php\/wp-json\/wp\/v2\/posts\/54092\/revisions\/54094"}],"wp:featuredmedia":[{"embeddable":true,"href":"https:\/\/bambapolitica.com.mx\/index.php\/wp-json\/wp\/v2\/media\/54093"}],"wp:attachment":[{"href":"https:\/\/bambapolitica.com.mx\/index.php\/wp-json\/wp\/v2\/media?parent=54092"}],"wp:term":[{"taxonomy":"category","embeddable":true,"href":"https:\/\/bambapolitica.com.mx\/index.php\/wp-json\/wp\/v2\/categories?post=54092"},{"taxonomy":"post_tag","embeddable":true,"href":"https:\/\/bambapolitica.com.mx\/index.php\/wp-json\/wp\/v2\/tags?post=54092"}],"curies":[{"name":"wp","href":"https:\/\/api.w.org\/{rel}","templated":true}]}}