{"id":54098,"date":"2022-12-16T08:44:28","date_gmt":"2022-12-16T14:44:28","guid":{"rendered":"http:\/\/bambapolitica.com.mx\/?p=54098"},"modified":"2022-12-16T08:44:30","modified_gmt":"2022-12-16T14:44:30","slug":"reforma-electoral-provocara-despido-de-144-trabajadores-del-ine-guerrero","status":"publish","type":"post","link":"https:\/\/bambapolitica.com.mx\/index.php\/2022\/12\/16\/reforma-electoral-provocara-despido-de-144-trabajadores-del-ine-guerrero\/","title":{"rendered":"Reforma Electoral provocar\u00e1 despido de 144 trabajadores del INE Guerrero"},"content":{"rendered":"\n<p>Viernes, 16 de diciembre de 2022<\/p>\n\n\n\n<p>Con las futuras y nuevas condiciones se debilitar\u00e1 la estructura y eficacia del proceso electoral de 2024, expuso el vocal ejecutivo del INE en Guerrero, Donaciano Mu\u00f1oz Loyola.<\/p>\n\n\n\n<p><br>El Instituto Nacional Electoral (INE) en Guerrero se encuentra preocupado tras la aprobaci\u00f3n del Plan B de la Reforma Electoral propuesto por el presidente de M\u00e9xico, Andr\u00e9s Manuel L\u00f3pez Obrador, ya que con las modificaciones electorales se despedir\u00eda a m\u00e1s de 100 empleados del organismo en esta entidad.<\/p>\n\n\n\n<p>El vocal ejecutivo del INE en Guerrero, Donaciano Mu\u00f1oz Loyola, consider\u00f3 que las modificaciones a la Ley Electoral afectar\u00e1n el proceso del 2024 en su operaci\u00f3n institucional y provocar\u00e1n el despido de 144 trabajadores.<\/p>\n\n\n\n<p>\u201cSe trata de un proceso electoral, que si bien tiene una duraci\u00f3n legal de nueve meses, no se prepara en ese tiempo, hay un trabajo previo contin\u00fao y es al que me estoy refiriendo, por lo cual el instituto est\u00e1 seriamente preocupado, porque estas nuevas condiciones que traer\u00eda la reforma implicar\u00eda una modificaci\u00f3n dr\u00e1stica y sensible para la operaci\u00f3n institucional\u201d.<br>Las nuevas condiciones ponen en serio predicamento la organizaci\u00f3n y realizaci\u00f3n de las elecciones con la calidad que el INE viene haciendo en cada proceso, porque debilita la estructura y, en consecuencia, la eficacia que pueda tener el proceso electoral pr\u00f3ximo.<\/p>\n\n\n\n<p>En Guerrero se cuenta con seis integrantes del Servicio Profesionales de Carrera en cada junta distrital, es decir, 54 personas y un promedio 16 administrativos en cada junta distrital, lo que hace un total de 144 personas que a consecuencia de la reforma, se encuentra en el peligro real de ser despedidos.<\/p>\n\n\n\n<p>\u201cM\u00e1s all\u00e1 del trabajo y de las familias que saldr\u00edan afectadas insisto en que la operaci\u00f3n institucional para la celebraci\u00f3n de las elecciones, con esta decisi\u00f3n, en caso de que se concrete, pone en serio riesgo la certeza de la elecci\u00f3n de 2024\u201d.<br>Para el 2024, en Guerrero se va a elegir al Ejecutivo federal; diputados federales, senadores, diputados locales y presidentes municipales, lo cual implica que el n\u00famero de cargos de elecci\u00f3n popular que estar\u00e1n en juego ser\u00e1 muy elevado, aunado al hecho de que el padr\u00f3n de electores ser\u00e1 el m\u00e1s alto del pa\u00eds, por el crecimiento poblacional.<br>INE Guerrero preocupado por recorte<br>En el INE-Guerrero hay preocupaci\u00f3n por el recorte de m\u00e1s del 80 por ciento del servicio profesional en las juntas distritales, lo que implica una afectaci\u00f3n real en la operaci\u00f3n del \u00f3rgano electoral federal, por lo menos en cuatro \u00e1reas que son principales.<\/p>\n\n\n\n<p>Se trata del \u00e1rea del registro que trabaja de manera permanente, que son los m\u00f3dulos de atenci\u00f3n ciudadana, en los que se expiden las credenciales y realizan recorridos en diversas poblaciones para realizar los tramites y entregar la credencial, los que tambi\u00e9n verifican la cartograf\u00eda de los 9 distritos electorales.<\/p>\n\n\n\n<p>La Vocal\u00eda de Capacitaci\u00f3n y Educaci\u00f3n C\u00edvica es otra \u00e1rea permanente que est\u00e1 desplegando programas dirigidos a ni\u00f1os a j\u00f3venes a adultos con el fin de fortalecer la educaci\u00f3n c\u00edvica de la ciudadan\u00eda, sin embargo, con la reforma quedan casi destinados a desaparecer, adem\u00e1s, la Vocal\u00eda de Organizaci\u00f3n es la encargada de recorrer todo el territorio distrital para seleccionar los lugares donde se instalan las casillas, solicitar los permisos, elaborar la log\u00edstica de llegada de la documentaci\u00f3n, as\u00ed como la llegada de los paquetes electorales, la cual tambi\u00e9n se afecta con las modificaciones ya aprobadas en el Senado.<\/p>\n","protected":false},"excerpt":{"rendered":"<p>Viernes, 16 de diciembre de 2022 Con las futuras y nuevas condiciones se debilitar\u00e1 la&#8230;<\/p>\n","protected":false},"author":3,"featured_media":54099,"comment_status":"closed","ping_status":"closed","sticky":false,"template":"","format":"standard","meta":{"footnotes":""},"categories":[4],"tags":[],"class_list":["post-54098","post","type-post","status-publish","format-standard","has-post-thumbnail","hentry","category-noticias-del-dia"],"_links":{"self":[{"href":"https:\/\/bambapolitica.com.mx\/index.php\/wp-json\/wp\/v2\/posts\/54098","targetHints":{"allow":["GET"]}}],"collection":[{"href":"https:\/\/bambapolitica.com.mx\/index.php\/wp-json\/wp\/v2\/posts"}],"about":[{"href":"https:\/\/bambapolitica.com.mx\/index.php\/wp-json\/wp\/v2\/types\/post"}],"author":[{"embeddable":true,"href":"https:\/\/bambapolitica.com.mx\/index.php\/wp-json\/wp\/v2\/users\/3"}],"replies":[{"embeddable":true,"href":"https:\/\/bambapolitica.com.mx\/index.php\/wp-json\/wp\/v2\/comments?post=54098"}],"version-history":[{"count":1,"href":"https:\/\/bambapolitica.com.mx\/index.php\/wp-json\/wp\/v2\/posts\/54098\/revisions"}],"predecessor-version":[{"id":54100,"href":"https:\/\/bambapolitica.com.mx\/index.php\/wp-json\/wp\/v2\/posts\/54098\/revisions\/54100"}],"wp:featuredmedia":[{"embeddable":true,"href":"https:\/\/bambapolitica.com.mx\/index.php\/wp-json\/wp\/v2\/media\/54099"}],"wp:attachment":[{"href":"https:\/\/bambapolitica.com.mx\/index.php\/wp-json\/wp\/v2\/media?parent=54098"}],"wp:term":[{"taxonomy":"category","embeddable":true,"href":"https:\/\/bambapolitica.com.mx\/index.php\/wp-json\/wp\/v2\/categories?post=54098"},{"taxonomy":"post_tag","embeddable":true,"href":"https:\/\/bambapolitica.com.mx\/index.php\/wp-json\/wp\/v2\/tags?post=54098"}],"curies":[{"name":"wp","href":"https:\/\/api.w.org\/{rel}","templated":true}]}}