{"id":54101,"date":"2022-12-16T08:51:31","date_gmt":"2022-12-16T14:51:31","guid":{"rendered":"http:\/\/bambapolitica.com.mx\/?p=54101"},"modified":"2022-12-16T08:51:35","modified_gmt":"2022-12-16T14:51:35","slug":"mexico-por-debajo-de-promedio-de-la-ocde-pese-a-reforma-de-vacaciones-dignas","status":"publish","type":"post","link":"https:\/\/bambapolitica.com.mx\/index.php\/2022\/12\/16\/mexico-por-debajo-de-promedio-de-la-ocde-pese-a-reforma-de-vacaciones-dignas\/","title":{"rendered":"M\u00e9xico, por debajo de promedio de la OCDE pese a reforma de &#8220;vacaciones dignas&#8221;"},"content":{"rendered":"\n<p>Viernes, 16 de diciembre de 2022<\/p>\n\n\n\n<p>Pese 12 d\u00edas de vacaciones obligatorios, M\u00e9xico seguir\u00e1 siendo uno de los pa\u00edses que menos d\u00edas de descanso briden a su fuerza laboral, seg\u00fan expertos.<\/p>\n\n\n\n<p><br>Con los 12 d\u00edas vacacionales obligatorios que aprob\u00f3 el Congreso de la Uni\u00f3n, M\u00e9xico deja de ser el pa\u00eds de la Organizaci\u00f3n para la Cooperaci\u00f3n y el Desarrollo (OCDE) con menos d\u00edas de descanso parar sus trabajadores; sin embargo, sigue por debajo de los 20 d\u00edas de vacaciones promedio que brindan los 42 pa\u00edses miembros.<br>A pesar de que M\u00e9xico duplic\u00f3 su n\u00famero de vacaciones, s\u00f3lo pas\u00f3 del fondo de los 42 pa\u00edses de la OCDE al puesto 38, empatando con naciones como Turqu\u00eda e Israel donde tambi\u00e9n se dan 12 d\u00edas de descanso.<br>La mayor\u00eda de los pa\u00edses de la OCDE y de la Uni\u00f3n Europea ofrecen a los empleados unas vacaciones anules m\u00ednimas legales que oscilan entre los 15 y los 30 d\u00edas.<br>Incluso Chile cuenta con periodos de descanso mayores pues sus trabajadores cuentan con 15 d\u00edas de descanso, m\u00e1s 15 festivos.<br>M\u00e9xico no cuenta con muchos d\u00edas festivos<br>Asimismo, teniendo en cuenta los d\u00edas festivos, la mayor\u00eda de los pa\u00edses de la OCDE tienen derecho a por lo menos 30 o 35 d\u00edas de descanso al a\u00f1o; mientras que nuestro pa\u00eds, apenas junta 19 d\u00edas entre las vacaciones obligatorias y d\u00edas de asueto.<br>Pa\u00edses como Jap\u00f3n, que tiene 10 d\u00edas de vacaciones obligatorias, cuentan con m\u00e1s d\u00edas de descanso que M\u00e9xico al sumar los d\u00edas feriados.<\/p>\n\n\n\n<p>La OCDE explica que, con 19 d\u00edas feriados, el pa\u00eds asi\u00e1tico \u201ctiene un n\u00famero relativamente alto&#8221; que al sumar el periodo vacacional deriva en una cifra similar a los pa\u00edses europeos que brindan hasta 30 d\u00edas de descanso.<br>Adem\u00e1s, si se comparan los 12 de vacaciones en M\u00e9xico con lo que se brindaren otros pa\u00edses latinos fuera de la OCDE, M\u00e9xico queda muy detr\u00e1s de otros pa\u00edses latinoamericanos como Brasil con 26, y Cuba, Per\u00fa, Panam\u00e1 con 30.<br>Expertos observan un cambio positivo<\/p>\n\n\n\n<p>&#8220;Estos 12 d\u00edas todav\u00eda son insuficientes de cara al est\u00e1ndar internacional, pero definitivamente logramos acercarnos a un tema de dignidad en el trabajo con estos nuevos descansos\u201d, explic\u00f3 Carlos Ferr\u00e1n Mart\u00ednez, coordinador de la Comisi\u00f3n Laboral del Ilustre y Nacional Colegio de Abogados.<br>\u201cLo importante es lograr un cambio cultural en el cual la tendencia laboral est\u00e9 enfocada a la productividad efectiva en las horas que presta un trabajador y no a las horas que tiene que pasar una persona en su lugar de trabajo, se\u00f1al\u00f3 el maestro en Derecho y catedr\u00e1tico de la Universidad Lasalle, Arturo Ch\u00e1vez-Nieto. El debate de mejorar la calidad laboral en M\u00e9xico plantea nuevas medidas para el pr\u00f3ximo a\u00f1o, como la de reducir la jornada laboral que actualmente es de hasta 8 horas diarias.<\/p>\n\n\n\n<p>\u201cEn M\u00e9xico tenemos un problema: trabajamos muchas horas al d\u00eda y al mismo tiempo somos muy improductivos. Yo soy de los que piensan que trabajando menos horas a la semana podemos ser m\u00e1s productivos, tenemos que ayudar al pa\u00eds ser m\u00e1s productivo y esta medid puede ser muy positiva&#8221;, se\u00f1al\u00f3 Ferr\u00e1n Mart\u00ednez<br>Pa\u00edses con m\u00e1s d\u00edas de descanso<\/p>\n\n\n\n<p>Entre los pa\u00edses con mayores d\u00edas de descanso al a\u00f1o encontramos pa\u00edses con altos \u00edndices de desarrollo social, tal como:<\/p>\n\n\n\n<p>Reino Unido donde tienen 28 d\u00edas de vacaciones pagadas, en Luxemburgo, cuentan con 26 d\u00edas.<\/p>\n\n\n\n<p>Asimismo, hay pa\u00edses como Austria, Dinamarca, Finlandia, Francia y Suecia gozan de hasta 25 d\u00edas, m\u00e1s los d\u00edas festivos.<\/p>\n","protected":false},"excerpt":{"rendered":"<p>Viernes, 16 de diciembre de 2022 Pese 12 d\u00edas de vacaciones obligatorios, M\u00e9xico seguir\u00e1 siendo&#8230;<\/p>\n","protected":false},"author":3,"featured_media":54102,"comment_status":"closed","ping_status":"closed","sticky":false,"template":"","format":"standard","meta":{"footnotes":""},"categories":[4],"tags":[],"class_list":["post-54101","post","type-post","status-publish","format-standard","has-post-thumbnail","hentry","category-noticias-del-dia"],"_links":{"self":[{"href":"https:\/\/bambapolitica.com.mx\/index.php\/wp-json\/wp\/v2\/posts\/54101","targetHints":{"allow":["GET"]}}],"collection":[{"href":"https:\/\/bambapolitica.com.mx\/index.php\/wp-json\/wp\/v2\/posts"}],"about":[{"href":"https:\/\/bambapolitica.com.mx\/index.php\/wp-json\/wp\/v2\/types\/post"}],"author":[{"embeddable":true,"href":"https:\/\/bambapolitica.com.mx\/index.php\/wp-json\/wp\/v2\/users\/3"}],"replies":[{"embeddable":true,"href":"https:\/\/bambapolitica.com.mx\/index.php\/wp-json\/wp\/v2\/comments?post=54101"}],"version-history":[{"count":1,"href":"https:\/\/bambapolitica.com.mx\/index.php\/wp-json\/wp\/v2\/posts\/54101\/revisions"}],"predecessor-version":[{"id":54103,"href":"https:\/\/bambapolitica.com.mx\/index.php\/wp-json\/wp\/v2\/posts\/54101\/revisions\/54103"}],"wp:featuredmedia":[{"embeddable":true,"href":"https:\/\/bambapolitica.com.mx\/index.php\/wp-json\/wp\/v2\/media\/54102"}],"wp:attachment":[{"href":"https:\/\/bambapolitica.com.mx\/index.php\/wp-json\/wp\/v2\/media?parent=54101"}],"wp:term":[{"taxonomy":"category","embeddable":true,"href":"https:\/\/bambapolitica.com.mx\/index.php\/wp-json\/wp\/v2\/categories?post=54101"},{"taxonomy":"post_tag","embeddable":true,"href":"https:\/\/bambapolitica.com.mx\/index.php\/wp-json\/wp\/v2\/tags?post=54101"}],"curies":[{"name":"wp","href":"https:\/\/api.w.org\/{rel}","templated":true}]}}