{"id":54104,"date":"2022-12-16T08:57:41","date_gmt":"2022-12-16T14:57:41","guid":{"rendered":"http:\/\/bambapolitica.com.mx\/?p=54104"},"modified":"2022-12-16T08:57:44","modified_gmt":"2022-12-16T14:57:44","slug":"sergio-salomon-cespedes-da-primera-conferencia-de-prensa-como-gobernador-de-puebla","status":"publish","type":"post","link":"https:\/\/bambapolitica.com.mx\/index.php\/2022\/12\/16\/sergio-salomon-cespedes-da-primera-conferencia-de-prensa-como-gobernador-de-puebla\/","title":{"rendered":"Sergio Salom\u00f3n C\u00e9spedes da primera conferencia de prensa como gobernador de Puebla"},"content":{"rendered":"\n<p>Viernes, 16 de diciembre de 2022<\/p>\n\n\n\n<p>El nuevo gobernador de Puebla, Salom\u00f3n C\u00e9spedes, anunci\u00f3 a Julio Miguel Huerta G\u00f3mez como titular de la Secretar\u00eda de Gobernaci\u00f3n estatal.<br>Un d\u00eda despu\u00e9s de haber rendido protesta, Sergio Salom\u00f3n C\u00e9spedes dio su primera conferencia de prensa como nuevo gobernador de Puebla tras la muerte de Miguel Barbosa Huerta.<\/p>\n\n\n\n<p>El gobernador sustituto se present\u00f3 en Casa Aguayo acompa\u00f1ado de algunos funcionarios del gabinete del ex gobernador Barbosa Huerta, en la cual asegur\u00f3 que dar\u00e1 continuidad a los proyectos que encamin\u00f3 el primer gobernador de Morena.<br>Asimismo, present\u00f3 a Julio Miguel Huerta G\u00f3mez como titular de la Secretar\u00eda de Gobernaci\u00f3n (Segob) estatal ante la renuncia de Ana Luc\u00eda Hill Mayoral, quien anunci\u00f3 que no continuar\u00eda como funcionaria p\u00fablica tras la muerte de Barbosa.<\/p>\n\n\n\n<p>El gobernador sustituto de Puebla asegur\u00f3 que la clase pol\u00edtica que inici\u00f3 Miguel Barbosa en Puebla se mantendr\u00e1 pese a su muerte, por lo que invit\u00f3 a los funcionarios a mantenerse unidos.<\/p>\n\n\n\n<p>Sergio Salom\u00f3n coment\u00f3 que el gobierno de Puebla se mantendr\u00e1 alineado al gobierno federal y simpatiza con el presidente de M\u00e9xico Andr\u00e9s Manuel L\u00f3pez Obrador.<br>Respecto a las cr\u00edticas que hicieron l\u00edderes del Partido Acci\u00f3n Nacional (PAN) y Morena por su designaci\u00f3n como nuevo gobernador de la entidad poblana, Sergio Salom\u00f3n C\u00e9spedes coment\u00f3 que se actu\u00f3 conforme a la situaci\u00f3n por la que atraviesa Puebla, a lo que dijo &#8220;no s\u00e9 si conozcan Puebla&#8221;.<\/p>\n\n\n\n<p>Adem\u00e1s, anunci\u00f3 que se mantendr\u00e1n pol\u00edticas como los &#8216;Martes Ciudadanos&#8217; y las conferencias matutinas que hac\u00eda Miguel Barbosa desde Casa Aguayo de lunes a viernes.<\/p>\n","protected":false},"excerpt":{"rendered":"<p>Viernes, 16 de diciembre de 2022 El nuevo gobernador de Puebla, Salom\u00f3n C\u00e9spedes, anunci\u00f3 a&#8230;<\/p>\n","protected":false},"author":3,"featured_media":54105,"comment_status":"closed","ping_status":"closed","sticky":false,"template":"","format":"standard","meta":{"footnotes":""},"categories":[4],"tags":[],"class_list":["post-54104","post","type-post","status-publish","format-standard","has-post-thumbnail","hentry","category-noticias-del-dia"],"_links":{"self":[{"href":"https:\/\/bambapolitica.com.mx\/index.php\/wp-json\/wp\/v2\/posts\/54104","targetHints":{"allow":["GET"]}}],"collection":[{"href":"https:\/\/bambapolitica.com.mx\/index.php\/wp-json\/wp\/v2\/posts"}],"about":[{"href":"https:\/\/bambapolitica.com.mx\/index.php\/wp-json\/wp\/v2\/types\/post"}],"author":[{"embeddable":true,"href":"https:\/\/bambapolitica.com.mx\/index.php\/wp-json\/wp\/v2\/users\/3"}],"replies":[{"embeddable":true,"href":"https:\/\/bambapolitica.com.mx\/index.php\/wp-json\/wp\/v2\/comments?post=54104"}],"version-history":[{"count":1,"href":"https:\/\/bambapolitica.com.mx\/index.php\/wp-json\/wp\/v2\/posts\/54104\/revisions"}],"predecessor-version":[{"id":54106,"href":"https:\/\/bambapolitica.com.mx\/index.php\/wp-json\/wp\/v2\/posts\/54104\/revisions\/54106"}],"wp:featuredmedia":[{"embeddable":true,"href":"https:\/\/bambapolitica.com.mx\/index.php\/wp-json\/wp\/v2\/media\/54105"}],"wp:attachment":[{"href":"https:\/\/bambapolitica.com.mx\/index.php\/wp-json\/wp\/v2\/media?parent=54104"}],"wp:term":[{"taxonomy":"category","embeddable":true,"href":"https:\/\/bambapolitica.com.mx\/index.php\/wp-json\/wp\/v2\/categories?post=54104"},{"taxonomy":"post_tag","embeddable":true,"href":"https:\/\/bambapolitica.com.mx\/index.php\/wp-json\/wp\/v2\/tags?post=54104"}],"curies":[{"name":"wp","href":"https:\/\/api.w.org\/{rel}","templated":true}]}}