{"id":54116,"date":"2022-12-17T09:26:00","date_gmt":"2022-12-17T15:26:00","guid":{"rendered":"http:\/\/bambapolitica.com.mx\/?p=54116"},"modified":"2022-12-16T09:27:36","modified_gmt":"2022-12-16T15:27:36","slug":"encuentran-a-mujer-sin-vida-en-canal-de-aguas-negras-de-gdl-investigan-como-feminicidio","status":"publish","type":"post","link":"https:\/\/bambapolitica.com.mx\/index.php\/2022\/12\/17\/encuentran-a-mujer-sin-vida-en-canal-de-aguas-negras-de-gdl-investigan-como-feminicidio\/","title":{"rendered":"Encuentran a mujer sin vida en canal de aguas negras de Gdl; investigan como feminicidio"},"content":{"rendered":"\n<p>S\u00e1bado, 17 de diciembre de 2022<\/p>\n\n\n\n<p>Tan s\u00f3lo en lo que va de diciembre la Fiscal\u00eda de Fiscal\u00eda de Jalisco abri\u00f3 la sexta carpeta de investigaci\u00f3n por feminicidio.<\/p>\n\n\n\n<p><br>La fiscal\u00eda del estado de Guadalajara, Jalisco abri\u00f3 la sexta carpeta de investigaci\u00f3n en lo que va del mes de diciembre bajo el protocolo de feminicidio, se investiga la muerte de una mujer encontrada en aguas negras del municipio.<\/p>\n\n\n\n<p>De acuerdo con un reporte an\u00f3nimo que llego a la cabina del 911 de emergencias de la Polic\u00eda Municipal de Guadalajara, se inform\u00f3 del hallazgo de una persona sin vida bajo un t\u00fanel de aguas negras.<\/p>\n\n\n\n<p>A ra\u00edz de la denuncia, patrullas de la polic\u00eda tapat\u00eda llegaron hasta el cruce de la Avenida Am\u00e9ricas y la avenida Montevideo donde encontraron el cuerpo de una mujer sin vida y emanando olores f\u00e9tidos.<br>Posterior al hallazgo, los elementos de la polic\u00eda que se encontraban en el lugar solicitaron apoyo de los servicios m\u00e9dicos municipales, qui\u00e9nes confirmaron que el cuerpo de la mujer manten\u00eda una avanzada evoluci\u00f3n cadav\u00e9rica.<\/p>\n\n\n\n<p>Recalcaron los param\u00e9dicos de la cruz verde que no se pod\u00eda confirmar la causa de muerte, debido a que ten\u00eda varios d\u00edas de fallecimiento.<\/p>\n\n\n\n<p>La zona fue resguardada por elementos de la guardia nacional en lo que se llevaban a cabo las pesquisas y levantamiento de indicios por parte de las autoridades estatales.<br>El Instituto jalisciense de ciencias forenses se hizo cargo de recoger el cad\u00e1ver para llevarlo a sus instalaciones, donde se llevar\u00e1 a cabo la necropsia de ley para brindar mayores datos de la persona fallecida junto con su identificaci\u00f3n y causa su muerte.<\/p>\n\n\n\n<p>El protocolo de feminicidio fue activado por los agentes de la fiscal\u00eda del estado de Jalisco hasta descartar lo contrario.<\/p>\n\n\n\n<p>\u00bfQu\u00e9 es un protocolo de feminicidio?<br>El protocolo de investigaci\u00f3n del delito de feminicidio con perspectiva de g\u00e9nero para el Estado de Jalisco busca que autoridades competentes inicien una investigaci\u00f3n sobre un hecho con base los principios de: seriedad, imparcial, verdad, persecuci\u00f3n captura o enjuiciamiento a los responsables y efectiva por todos los medios legales.<\/p>\n","protected":false},"excerpt":{"rendered":"<p>S\u00e1bado, 17 de diciembre de 2022 Tan s\u00f3lo en lo que va de diciembre la&#8230;<\/p>\n","protected":false},"author":3,"featured_media":54117,"comment_status":"closed","ping_status":"closed","sticky":false,"template":"","format":"standard","meta":{"footnotes":""},"categories":[4],"tags":[],"class_list":["post-54116","post","type-post","status-publish","format-standard","has-post-thumbnail","hentry","category-noticias-del-dia"],"_links":{"self":[{"href":"https:\/\/bambapolitica.com.mx\/index.php\/wp-json\/wp\/v2\/posts\/54116","targetHints":{"allow":["GET"]}}],"collection":[{"href":"https:\/\/bambapolitica.com.mx\/index.php\/wp-json\/wp\/v2\/posts"}],"about":[{"href":"https:\/\/bambapolitica.com.mx\/index.php\/wp-json\/wp\/v2\/types\/post"}],"author":[{"embeddable":true,"href":"https:\/\/bambapolitica.com.mx\/index.php\/wp-json\/wp\/v2\/users\/3"}],"replies":[{"embeddable":true,"href":"https:\/\/bambapolitica.com.mx\/index.php\/wp-json\/wp\/v2\/comments?post=54116"}],"version-history":[{"count":2,"href":"https:\/\/bambapolitica.com.mx\/index.php\/wp-json\/wp\/v2\/posts\/54116\/revisions"}],"predecessor-version":[{"id":54119,"href":"https:\/\/bambapolitica.com.mx\/index.php\/wp-json\/wp\/v2\/posts\/54116\/revisions\/54119"}],"wp:featuredmedia":[{"embeddable":true,"href":"https:\/\/bambapolitica.com.mx\/index.php\/wp-json\/wp\/v2\/media\/54117"}],"wp:attachment":[{"href":"https:\/\/bambapolitica.com.mx\/index.php\/wp-json\/wp\/v2\/media?parent=54116"}],"wp:term":[{"taxonomy":"category","embeddable":true,"href":"https:\/\/bambapolitica.com.mx\/index.php\/wp-json\/wp\/v2\/categories?post=54116"},{"taxonomy":"post_tag","embeddable":true,"href":"https:\/\/bambapolitica.com.mx\/index.php\/wp-json\/wp\/v2\/tags?post=54116"}],"curies":[{"name":"wp","href":"https:\/\/api.w.org\/{rel}","templated":true}]}}