{"id":54132,"date":"2022-12-17T09:45:00","date_gmt":"2022-12-17T15:45:00","guid":{"rendered":"http:\/\/bambapolitica.com.mx\/?p=54132"},"modified":"2022-12-16T09:47:12","modified_gmt":"2022-12-16T15:47:12","slug":"abasto-de-medicamentos-en-mexico-mejora-en-2022-pero-lejos-de-niveles-ideales","status":"publish","type":"post","link":"https:\/\/bambapolitica.com.mx\/index.php\/2022\/12\/17\/abasto-de-medicamentos-en-mexico-mejora-en-2022-pero-lejos-de-niveles-ideales\/","title":{"rendered":"Abasto de medicamentos en M\u00e9xico mejora en 2022, pero lejos de niveles ideales"},"content":{"rendered":"\n<p>S\u00e1bado, 17 de diciembre de 2022<\/p>\n\n\n\n<p>Organizaciones indicaron que, por ejemplo, el IMSS no ha surtido efectivamente m\u00e1s del doble de las recetas que no surti\u00f3 en 2019<br>El abasto de medicamentos en M\u00e9xico mejor\u00f3 durante los primeros ocho meses de 2022, pero a\u00fan est\u00e1 lejos de los niveles ideales y las enfermedades mentales han sido las principales afectadas en este a\u00f1o, revel\u00f3 el colectivo Cero Desabasto.<\/p>\n\n\n\n<p>\u201cA partir de los primeros meses de 2022 el porcentaje de abasto fue mejorando, pero nos encontramos lejos de los niveles ideales. Vamos mejor que en 2021, pero estamos todav\u00eda lejos de como est\u00e1bamos antes de que entrara la actual Administraci\u00f3n (2018)\u201d, dijo en una conferencia de prensa Andr\u00e9s Casta\u00f1eda, coordinador y vocero del colectivo.<\/p>\n\n\n\n<p>El activista detall\u00f3 que, por ejemplo, el Instituto Mexicano del Seguro Social (IMSS) no ha surtido efectivamente m\u00e1s del doble de las recetas que no surti\u00f3 en 2019.<\/p>\n\n\n\n<p>Asimismo, seg\u00fan el Sistema Nacional de Indicadores de Calidad en Salud (Idicas), la poblaci\u00f3n sin seguridad social, que se atiende en unidades de la Secretar\u00eda de Salud (SSA) o el Instituto de Salud para el Bienestar (Insabi) sigue siendo la m\u00e1s afectada porque el porcentaje de surtimiento de medicamentos en unidades de primer nivel se encuentra por debajo del nivel que se ten\u00eda antes de 2019.<\/p>\n\n\n\n<p>En el mismo sentido, hasta noviembre, el colectivo ha registrado m\u00e1s de mil 400 reportes de desabasto en 2022.<\/p>\n\n\n\n<p>\u201cSeguimos en esa crisis de falta de medicamentos que exist\u00eda, pero se agudiz\u00f3 a finales del 2019\u201d, aclar\u00f3.<\/p>\n\n\n\n<p>Casta\u00f1eda resalt\u00f3 que, si bien el c\u00e1ncer sigue siendo una de las enfermedades m\u00e1s afectadas, en 2022 los padecimientos mentales como la depresi\u00f3n, la ansiedad y el trastorno de d\u00e9ficit de atenci\u00f3n ocuparon el primer lugar en desabasto.<\/p>\n\n\n\n<p>\u201cPasaron del quinto lugar en 2021 al primero en 2022\u2033, record\u00f3 Casta\u00f1eda.<\/p>\n\n\n\n<p>Por otro lado, de acuerdo con datos del Inefam (Instituto Farmac\u00e9utico LATAM) el nivel de desabasto en la compra p\u00fablica a\u00fan se ubica en 30 por ciento respecto a su comportamiento hist\u00f3rico (de los niveles que se ten\u00edan en 2017 y 2018).<\/p>\n\n\n\n<p>\u201cEs decir, probablemente el mercado se quedar\u00e1, como en 2021, sobre los mil 320 millones de piezas adquiridas\u201d, dijo Enrique Mart\u00ednez Moreno, director general de Inefam.<br>Se\u00f1al\u00f3 que las compras consolidadas de medicamentos siguen mostrando solo una presencia parcial en la compra, con graves efectos en el comportamiento general del sector, presionado por adquisiciones crecientes v\u00eda adjudicaciones directas.<\/p>\n\n\n\n<p>Para los especialistas, sigue siendo preocupante la log\u00edstica y distribuci\u00f3n.<\/p>\n\n\n\n<p>Adem\u00e1s de que las compras consolidadas para 2023-2024 muestran retraso en sus procesos para medicamentos y material de curaci\u00f3n, aunado a que estos procesos representan solo una parte respecto de las necesidades del sector.<\/p>\n\n\n\n<p>Esto, seg\u00fan dijo Mart\u00ednez Moreno, llevar\u00e1 una vez m\u00e1s a que las instituciones p\u00fablicas resuelvan de manera apresurada y con posibles costos elevados.<\/p>\n\n\n\n<p>El colectivo observ\u00f3 adem\u00e1s un subejercicio en 2022 en el gasto en salud superior a los 20 mil millones de pesos, seg\u00fan informaci\u00f3n de la Secretar\u00eda de Hacienda y Cr\u00e9dito P\u00fablico (SHCP), lo que contrasta con los anuncios de acelerados crecimientos en el presupuesto.<\/p>\n\n\n\n<p>\u201cNos preocupa que para 2023 y 2024 se tengan condiciones muy parecidas a los cuatro a\u00f1os previos del actual Gobierno: entremezcla de compras consolidadas parciales, con abundancia de adjudicaciones directas y problemas de distribuci\u00f3n\u201d, dijo Casta\u00f1eda.<\/p>\n\n\n\n<p>El activista se\u00f1al\u00f3 que el abasto \u201cdebe\u201d mejorar y cerrar la brecha observada en los \u00faltimos a\u00f1os \u201cque ha afectado a los pacientes en su atenci\u00f3n y con un elevado gasto de bolsillo, vulnerando su derecho a la salud\u201d.<\/p>\n","protected":false},"excerpt":{"rendered":"<p>S\u00e1bado, 17 de diciembre de 2022 Organizaciones indicaron que, por ejemplo, el IMSS no ha&#8230;<\/p>\n","protected":false},"author":3,"featured_media":54133,"comment_status":"closed","ping_status":"closed","sticky":false,"template":"","format":"standard","meta":{"footnotes":""},"categories":[4],"tags":[],"class_list":["post-54132","post","type-post","status-publish","format-standard","has-post-thumbnail","hentry","category-noticias-del-dia"],"_links":{"self":[{"href":"https:\/\/bambapolitica.com.mx\/index.php\/wp-json\/wp\/v2\/posts\/54132","targetHints":{"allow":["GET"]}}],"collection":[{"href":"https:\/\/bambapolitica.com.mx\/index.php\/wp-json\/wp\/v2\/posts"}],"about":[{"href":"https:\/\/bambapolitica.com.mx\/index.php\/wp-json\/wp\/v2\/types\/post"}],"author":[{"embeddable":true,"href":"https:\/\/bambapolitica.com.mx\/index.php\/wp-json\/wp\/v2\/users\/3"}],"replies":[{"embeddable":true,"href":"https:\/\/bambapolitica.com.mx\/index.php\/wp-json\/wp\/v2\/comments?post=54132"}],"version-history":[{"count":1,"href":"https:\/\/bambapolitica.com.mx\/index.php\/wp-json\/wp\/v2\/posts\/54132\/revisions"}],"predecessor-version":[{"id":54134,"href":"https:\/\/bambapolitica.com.mx\/index.php\/wp-json\/wp\/v2\/posts\/54132\/revisions\/54134"}],"wp:featuredmedia":[{"embeddable":true,"href":"https:\/\/bambapolitica.com.mx\/index.php\/wp-json\/wp\/v2\/media\/54133"}],"wp:attachment":[{"href":"https:\/\/bambapolitica.com.mx\/index.php\/wp-json\/wp\/v2\/media?parent=54132"}],"wp:term":[{"taxonomy":"category","embeddable":true,"href":"https:\/\/bambapolitica.com.mx\/index.php\/wp-json\/wp\/v2\/categories?post=54132"},{"taxonomy":"post_tag","embeddable":true,"href":"https:\/\/bambapolitica.com.mx\/index.php\/wp-json\/wp\/v2\/tags?post=54132"}],"curies":[{"name":"wp","href":"https:\/\/api.w.org\/{rel}","templated":true}]}}